{"id":10554,"date":"2025-01-02T10:23:09","date_gmt":"2025-01-02T09:23:09","guid":{"rendered":"https:\/\/plancabanyal.es\/?p=10554"},"modified":"2025-01-02T10:24:38","modified_gmt":"2025-01-02T09:24:38","slug":"plan-de-choque-para-dejar-guapos-los-mercados-de-valencia","status":"publish","type":"post","link":"https:\/\/plancabanyal.es\/en\/plan-de-choque-para-dejar-guapos-los-mercados-de-valencia\/","title":{"rendered":"Plan de choque para dejar &#8216;guapos&#8217; los mercados de Valencia"},"content":{"rendered":"<div class=\"dateRedes\">\n<p>02\/01\/2025<\/p>\n<p>&nbsp;<\/p>\n<\/div>\n<h4 class=\"v-a-sub-t\"><strong>El Ayuntamiento invertir\u00e1 7,6 millones en dos a\u00f1os para mejorar la eficiencia energ\u00e9tica y poner una sala de lactancia en el Cabanyal y ultrasonidos en Castilla para ahuyentar palomas<\/strong><\/h4>\n<p>&nbsp;<\/p>\n<p class=\"v-p\">Un plan de choque para dejar &#8216;guapo&#8217; los mercados municipales de Valencia. Eso es lo que va a hacer la concejal\u00eda de Comercio y Mercados del Ayuntamiento de Valencia que preside Santiago Ballester con el arranque del a\u00f1o 2025.<\/p>\n<p class=\"v-p\">Cuando lleg\u00f3\u00a0Mar\u00eda Jos\u00e9 Catal\u00e1\u00a0a la alcald\u00eda de Valencia ya dijo que los mercados necesitan un plan de mejoras para arreglar sus instalaciones y, tras algo m\u00e1s de un a\u00f1o de intervenciones de urgencia en mercados como el de Rojas Clemente o en el Cabanyal, ahora comienza a trazarse un proyecto m\u00e1s ambicioso.<\/p>\n<p>No hay que olvidar que en el verano de 2023 ya se tuvo que hacer una intervenci\u00f3n urgente en el Cabanyal, porque estaba en muy mal estado el techo y se actu\u00f3 con prontitud para dejar al descubierto las tejas originales.<\/p>\n<p>Otra intervenci\u00f3n que se ejecut\u00f3 fue en el mercado de Rojas Clemente, donde el s\u00f3tano llevaba a\u00f1os apuntalado y con peligro de derrumbe.<\/p>\n<div class=\"autors-widget\">\n<p class=\"v-p\">Despu\u00e9s de un an\u00e1lisis pormenorizado de las necesidades transmitidas por los vendedores o detectadas por los t\u00e9cnicos, se ha precisado que necesitar\u00e1n 7,6 millones de euros, una inversi\u00f3n que se realizar\u00e1 durante el a\u00f1o 2025 y tambi\u00e9n en 2026.<\/p>\n<p class=\"v-p\">S\u00f3lo en trabajos de eficiencia energ\u00e9tica se invertir\u00e1n 4.750.000 euros. En concreto, en el mercado de Algir\u00f3s se emplear\u00e1n 1,2 millones de euros. Se sustituir\u00e1 la maquinaria de aire acondicionado, se pondr\u00e1 luminaria de sistema led y se recubrir\u00e1n las ventanas.<\/p>\n<p class=\"v-p\">Esta mejora llegar\u00e1 despu\u00e9s de que en 2023 ya tuvieran que ponerles de forma provisional ventiladores, por el calor que hac\u00eda en el recinto, y este pasado verano ya se opt\u00f3 por alquilar unas m\u00e1quinas de aire acondicionado, una medida que cost\u00f3 unos 14.000 euros.<\/p>\n<p>En el mercado de Jes\u00fas se sustituir\u00e1 la cubierta y los bajantes para eliminar las goteras y se invertir\u00e1n 465.000 euros.<\/p>\n<p>&nbsp;<\/p>\n<div id=\"wms-intext-multi1\" class=\"wms-intext\">\n<div><\/div>\n<div><img class=\"aligncenter\" src=\"https:\/\/s1.ppllstatics.com\/lasprovincias\/www\/multimedia\/2024\/12\/30\/mercado-rojas-clemente-fachada-U67285276714nTH-650x455@Las%20Provincias.jpg\" alt=\"Fachada del mercado de Rojas Clemente de Valencia.\" \/><\/div>\n<\/div>\n<div>\n<p>&nbsp;<\/p>\n<p class=\"v-p\">En el mercado de Rojas Clemente se arreglaron las patolog\u00edas de la pescader\u00eda (cost\u00f3 395.000 euros) y ahora se va a actuar en el envolvente de la fachada. Se pintar\u00e1 la fachada, con un mural acorde al mercado. Tambi\u00e9n se cambiar\u00e1n puertas y ventanas y Tambi\u00e9n se van a cambiar las luminarias, el aire acondicionado y las ventanas.<\/p>\n<p class=\"v-p\">La idea es que las obras de la fachada est\u00e9n terminadas en el primer trimestre de 2025 con una inversi\u00f3n de 230.000 euros y las de eficiencia energ\u00e9tica, para 2026 y costar\u00e1n 560.000 euros.<\/p>\n<p class=\"v-p\">En el mercado de Torrefiel, por ejemplo, ya han hecho la consigna frigor\u00edfica (cost\u00f3 122.000 euros) y desarrollar\u00e1n un proyecto de eficiencia energ\u00e9tica que costar\u00e1 890.000 euros.<\/p>\n<p class=\"v-p\">En el Mercado Central van a actualizar las barreras del s\u00f3tano, zona que utilizan para furgonetas de vendedores y para el tratamiento de residuos org\u00e1nicos.<\/p>\n<p class=\"v-p\">Adem\u00e1s, en este recinto est\u00e1 pendiente el inicio de un estudio para ver c\u00f3mo conseguir una mayor eficiencia energ\u00e9tica. Se tiene que hacer un proyecto y enviarlo a Patrimonio para que d\u00e9 el visto bueno. La idea es redactarlo a lo largo de 2025 y luego se ver\u00e1n plazos y alcance.<\/p>\n<p class=\"v-p\">En Castellar, se urbaniz\u00f3 el solar donde se realiza la venta no sedentaria, pero faltaba hacer la acometida de electricidad. Cuando se realice, es posible que este espacio se emplee como plaza para eventos.<\/p>\n<p>&nbsp;<\/p>\n<div class=\"v-c-cmp v-n-mrg\">\n<h3 class=\"v-cmp-suh\">Ba\u00f1os<\/h3>\n<\/div>\n<p>&nbsp;<\/p>\n<p class=\"v-p\">En el Cabanyal, tras sacar a la luz el techo de tejas la idea es poner luz indirecta para destacar su belleza y se actuar\u00e1 en la nave de poniente y en las laterales. Tambi\u00e9n se pondr\u00e1n lamas de aislamiento t\u00e9rmico. En todo ello se invertir\u00e1n 1,5 millones.<\/p>\n<p class=\"v-p\">En la nave de poniente, donde quedaron libres muchos puestos de pescader\u00eda el \u00e1rea de Servicios T\u00e9cnicos Centrales habilitar\u00e1 una sala de lactancia, con mesas y sillas y un cambiador de pa\u00f1ales y zona de ba\u00f1os.<\/p>\n<p class=\"v-p\">En el mercado de Castilla destaca la instalaci\u00f3n de m\u00e1quinas de ultrasonidos para ahuyentar palomas, ya que en este mercado se hab\u00edan producido goteras por el taponamiento de tuber\u00edas y problemas con las heces.<\/p>\n<p class=\"v-p\">En Ruzafa ya se hizo una mejora para el \u00e1rea c\u00e1rnica, con un cuarto refrigerado para el subproducto de origen animal, y una consigna frigor\u00edfica con una inversi\u00f3n de 164.000 euros y ahora se est\u00e1 redactando el proyecto para hacer mejoras de eficiencia energ\u00e9tica, con cambio de alumbrado, aire acondicionado y ventanas. La inversi\u00f3n prevista ser\u00e1 de 2,1 millones de euros.<\/p>\n<p>&nbsp;<\/p>\n<\/div>\n<p>Fuente: <a href=\"https:\/\/www.lasprovincias.es\/valencia-ciudad\/plan-choque-dejar-guapos-mercados-20241230000712-nt.html?gig_actions=sso.login&amp;gig_enteredFromComponent=fromLoginClick\" target=\"_blank\" rel=\"noopener\">Las Provincias<br \/>\n<\/a><\/p>\n<\/div>\n","protected":false},"excerpt":{"rendered":"<p>02\/01\/2025 &nbsp; El Ayuntamiento invertir\u00e1 7,6 millones en dos a\u00f1os para mejorar la eficiencia energ\u00e9tica y poner una sala de [&hellip;]<\/p>\n","protected":false},"author":2,"featured_media":10557,"comment_status":"open","ping_status":"open","sticky":false,"template":"","format":"standard","meta":{"site-sidebar-layout":"default","site-content-layout":"","ast-site-content-layout":"","site-content-style":"default","site-sidebar-style":"default","ast-global-header-display":"","ast-banner-title-visibility":"","ast-main-header-display":"","ast-hfb-above-header-display":"","ast-hfb-below-header-display":"","ast-hfb-mobile-header-display":"","site-post-title":"","ast-breadcrumbs-content":"","ast-featured-img":"","footer-sml-layout":"","theme-transparent-header-meta":"","adv-header-id-meta":"","stick-header-meta":"","header-above-stick-meta":"","header-main-stick-meta":"","header-below-stick-meta":"","astra-migrate-meta-layouts":"default","ast-page-background-enabled":"default","ast-page-background-meta":{"desktop":{"background-color":"var(--ast-global-color-5)","background-image":"","background-repeat":"repeat","background-position":"center center","background-size":"auto","background-attachment":"scroll","background-type":"","background-media":"","overlay-type":"","overlay-color":"","overlay-opacity":"","overlay-gradient":""},"tablet":{"background-color":"","background-image":"","background-repeat":"repeat","background-position":"center center","background-size":"auto","background-attachment":"scroll","background-type":"","background-media":"","overlay-type":"","overlay-color":"","overlay-opacity":"","overlay-gradient":""},"mobile":{"background-color":"","background-image":"","background-repeat":"repeat","background-position":"center center","background-size":"auto","background-attachment":"scroll","background-type":"","background-media":"","overlay-type":"","overlay-color":"","overlay-opacity":"","overlay-gradient":""}},"ast-content-background-meta":{"desktop":{"background-color":"var(--ast-global-color-4)","background-image":"","background-repeat":"repeat","background-position":"center center","background-size":"auto","background-attachment":"scroll","background-type":"","background-media":"","overlay-type":"","overlay-color":"","overlay-opacity":"","overlay-gradient":""},"tablet":{"background-color":"var(--ast-global-color-4)","background-image":"","background-repeat":"repeat","background-position":"center center","background-size":"auto","background-attachment":"scroll","background-type":"","background-media":"","overlay-type":"","overlay-color":"","overlay-opacity":"","overlay-gradient":""},"mobile":{"background-color":"var(--ast-global-color-4)","background-image":"","background-repeat":"repeat","background-position":"center center","background-size":"auto","background-attachment":"scroll","background-type":"","background-media":"","overlay-type":"","overlay-color":"","overlay-opacity":"","overlay-gradient":""}}},"categories":[22,56],"tags":[],"acf":[],"_links":{"self":[{"href":"https:\/\/plancabanyal.es\/en\/wp-json\/wp\/v2\/posts\/10554"}],"collection":[{"href":"https:\/\/plancabanyal.es\/en\/wp-json\/wp\/v2\/posts"}],"about":[{"href":"https:\/\/plancabanyal.es\/en\/wp-json\/wp\/v2\/types\/post"}],"author":[{"embeddable":true,"href":"https:\/\/plancabanyal.es\/en\/wp-json\/wp\/v2\/users\/2"}],"replies":[{"embeddable":true,"href":"https:\/\/plancabanyal.es\/en\/wp-json\/wp\/v2\/comments?post=10554"}],"version-history":[{"count":7,"href":"https:\/\/plancabanyal.es\/en\/wp-json\/wp\/v2\/posts\/10554\/revisions"}],"predecessor-version":[{"id":10579,"href":"https:\/\/plancabanyal.es\/en\/wp-json\/wp\/v2\/posts\/10554\/revisions\/10579"}],"wp:featuredmedia":[{"embeddable":true,"href":"https:\/\/plancabanyal.es\/en\/wp-json\/wp\/v2\/media\/10557"}],"wp:attachment":[{"href":"https:\/\/plancabanyal.es\/en\/wp-json\/wp\/v2\/media?parent=10554"}],"wp:term":[{"taxonomy":"category","embeddable":true,"href":"https:\/\/plancabanyal.es\/en\/wp-json\/wp\/v2\/categories?post=10554"},{"taxonomy":"post_tag","embeddable":true,"href":"https:\/\/plancabanyal.es\/en\/wp-json\/wp\/v2\/tags?post=10554"}],"curies":[{"name":"wp","href":"https:\/\/api.w.org\/{rel}","templated":true}]}}