{"id":10501,"date":"2024-12-18T09:34:46","date_gmt":"2024-12-18T08:34:46","guid":{"rendered":"https:\/\/plancabanyal.es\/el-colegio-diocesano-santiago-apostol-cabanyal-valencia-abre-sus-puertas-en-navidad-para-atender-a-ninos-y-ninas-del-barrio\/"},"modified":"2024-12-18T09:34:46","modified_gmt":"2024-12-18T08:34:46","slug":"el-colegio-diocesano-santiago-apostol-cabanyal-valencia-abre-sus-puertas-en-navidad-para-atender-a-ninos-y-ninas-del-barrio","status":"publish","type":"post","link":"https:\/\/plancabanyal.es\/en\/el-colegio-diocesano-santiago-apostol-cabanyal-valencia-abre-sus-puertas-en-navidad-para-atender-a-ninos-y-ninas-del-barrio\/","title":{"rendered":"El colegio diocesano Santiago Ap\u00f2stol Cabanyal-Val\u00e8ncia abre sus puertas en Navidad para atender a ni\u00f1os y ni\u00f1as del barrio"},"content":{"rendered":"<div class=\"dateRedes\">\n<p>17\/12\/2024<\/p>\n<p>&nbsp;<\/p>\n<\/div>\n<h3 class=\"entry_title\"><span class=\"entry-subtitle\">Ofrecer\u00e1 actividades de refuerzo educativo, actividades deportivas, de ocio, y servicio de desayuno y comedor<\/span><\/h3>\n<p><em><strong>\u2013 El objetivo es \u201catender las necesidades reales de las familias, tanto si son alumnos nuestros como si no, desde una intervenci\u00f3n integral\u201d, afirma su director, Jordi Bosch<\/strong><\/em><\/p>\n<p>&nbsp;<\/p>\n<p>El colegio diocesano Santiago Ap\u00f2stol Cabanyal-Val\u00e8ncia, al que acuden alumnos de familias sin recursos, ha organizado su Escuela de Navidad para en estas fechas abrir las puertas del centro escolar a ni\u00f1os y ni\u00f1as de todo el barrio para ofrecerles talleres, actividades de refuerzo educativo, actividades deportivas, de ocio,\u00a0y servicio de desayuno y comedor.<\/p>\n<p>Con esta iniciativa este centro escolar, que permanecer\u00e1 abierto los d\u00edas 23 y 24 de diciembre y el 2 y 3 de enero, quiere acompa\u00f1ar a los hijos de familias en situaci\u00f3n de desventaja socio-econ\u00f3mica, gracias al apoyo econ\u00f3mico de C\u00e1ritas Diocesana de Valencia y la ayuda de voluntarios.<\/p>\n<p>La Escuela de Navidad del Santiago Ap\u00f3stol se enmarca en el trabajo que vienen realizando a nivel comunitario desde la Fundaci\u00f3n Colegios Diocesanos San Vicente M\u00e1rtir, en el\u00a0 programa \u00abUn Veranos Diferente\u00bb, en coordinaci\u00f3n con la Universidad Cat\u00f3lica de Valencia.<\/p>\n<p>En centro llevamos seis a\u00f1os realizando esta iniciativa, as\u00ed como otras acciones similares de apertura en los periodos vacacionales de Semana Santa y en verano.<\/p>\n<p>La idea es \u00abatender las necesidades reales del barrio, tanto si son alumnos nuestros como si no, y despu\u00e9s de toda una ma\u00f1ana de actividades l\u00fadicas y tras la comida regresan a sus casas con la jornada hecha y con esa intervenci\u00f3n integral, sobre todo, con la filosof\u00eda de poner a disposici\u00f3n los colegios diocesanos para necesidades sociales de los barrios\u201d, se\u00f1ala Jordi Bosch, director del colegio Santiago Ap\u00f2stol Cabanyal-Val\u00e8ncia.<\/p>\n<p>&nbsp;<\/p>\n<div id=\"attachment_59227\" class=\"wp-caption alignleft\"><a href=\"https:\/\/www.archivalencia.org\/wp-content\/uploads\/2024\/12\/colegio-santiago-apostol-navidad-vgutierrezVLC-web-2.jpg\" rel=\"lightbox-1\" data-wpel-link=\"internal\"><img loading=\"lazy\" class=\"wp-image-59227 size-medium\" src=\"https:\/\/www.archivalencia.org\/wp-content\/uploads\/2024\/12\/colegio-santiago-apostol-navidad-vgutierrezVLC-web-2-392x267.jpg\" sizes=\"(max-width: 392px) 100vw, 392px\" srcset=\"https:\/\/www.archivalencia.org\/wp-content\/uploads\/2024\/12\/colegio-santiago-apostol-navidad-vgutierrezVLC-web-2-392x267.jpg 392w, https:\/\/www.archivalencia.org\/wp-content\/uploads\/2024\/12\/colegio-santiago-apostol-navidad-vgutierrezVLC-web-2-768x524.jpg 768w, https:\/\/www.archivalencia.org\/wp-content\/uploads\/2024\/12\/colegio-santiago-apostol-navidad-vgutierrezVLC-web-2-700x477.jpg 700w, https:\/\/www.archivalencia.org\/wp-content\/uploads\/2024\/12\/colegio-santiago-apostol-navidad-vgutierrezVLC-web-2.jpg 1100w\" alt=\"\" width=\"392\" height=\"267\" aria-describedby=\"caption-attachment-59227\" \/><\/a><\/p>\n<p id=\"caption-attachment-59227\" class=\"wp-caption-text\">Imagen de archivo. (Fotos: V. Guti\u00e9rrez\/ Delegaci\u00f3n Medios Arzobispado)<\/p>\n<\/div>\n<p>&nbsp;<\/p>\n<p>Precisamente, los Colegios Diocesanos de la Fundaci\u00f3n San Vicente M\u00e1rtir de Valencia ofrecen \u201cescuelas abiertas\u201d en per\u00edodos de vacaciones, como el proyecto \u201cUn verano diferente\u201d, para acompa\u00f1ar en los meses o en las semanas de vacaciones a los hijos de familias desfavorecidas o en situaci\u00f3n de vulnerabilidad que, por falta de recursos, no pueden salir y tienen que permanecer en sus casas y barrios.<\/p>\n<p>&nbsp;<\/p>\n<p>&nbsp;<\/p>\n<p>&nbsp;<\/p>\n<p><strong>COLEGIO SANTIAGO AP\u00d3STOL<\/strong><\/p>\n<p>Santiago Ap\u00f3stol es un centro singular, perteneciente a la parroquia Nuestra Se\u00f1ora de los \u00c1ngeles, del Cabanyal, que atiende a alumnos de Infantil, Primaria, primer ciclo de Secundaria y Formaci\u00f3n Profesional B\u00e1sica, procedentes de familias sin recursos, en su gran mayor\u00eda pertenecientes al pueblo gitano.<\/p>\n<p>\u201cA todos ellos se les imparte una formaci\u00f3n integral teniendo en cuenta que muchos de ellos tienen unas necesidades de compensaci\u00f3n educativa, a trav\u00e9s de actuaciones educativas de \u00e9xito, que son un referente en las\u00a0comunidades de aprendizaje, en las que se implica a las familias\u201d.<\/p>\n<p>El colegio ha recibido numerosos reconocimientos por sus proyectos y metodolog\u00eda, entre ellos,\u00a0 un premio a nivel nacional por su proyecto \u201cUn patio para todos\u201d por el que transformaron un solar -que serv\u00eda de aparcamiento para coches- en un patio escolar y para el barrio, gracias a la ayuda de los propios estudiantes y personas con problemas de salud mental.<\/p>\n<p>Recientemente, ha recibido tambi\u00e9n el primer \u201cPremio a la Innovaci\u00f3n Valencia Innovation Capital\u201d, en la categor\u00eda de centros educativos, otorgado por el Ayuntamiento de Valencia. Un galard\u00f3n \u201cque reconoce la labor que realizamos en el colegio como Comunidad de Aprendizaje, para integrar la innovaci\u00f3n en el proceso de ense\u00f1anza-aprendizaje y fortalecer nuestra dimensi\u00f3n europea\u201d, indican desde el centro escolar. El proyecto premiado ha sido \u201cDom\u00f3tica educativa y sostenible a trav\u00e9s de un enfoque dial\u00f3gico\u201d.<\/p>\n","protected":false},"excerpt":{"rendered":"<p>17\/12\/2024 &nbsp; Ofrecer\u00e1 actividades de refuerzo educativo, actividades deportivas, de ocio, y servicio de desayuno y comedor \u2013 El objetivo [&hellip;]<\/p>\n","protected":false},"author":2,"featured_media":10492,"comment_status":"open","ping_status":"open","sticky":false,"template":"","format":"standard","meta":{"site-sidebar-layout":"default","site-content-layout":"","ast-site-content-layout":"","site-content-style":"default","site-sidebar-style":"default","ast-global-header-display":"","ast-banner-title-visibility":"","ast-main-header-display":"","ast-hfb-above-header-display":"","ast-hfb-below-header-display":"","ast-hfb-mobile-header-display":"","site-post-title":"","ast-breadcrumbs-content":"","ast-featured-img":"","footer-sml-layout":"","theme-transparent-header-meta":"","adv-header-id-meta":"","stick-header-meta":"","header-above-stick-meta":"","header-main-stick-meta":"","header-below-stick-meta":"","astra-migrate-meta-layouts":"default","ast-page-background-enabled":"default","ast-page-background-meta":{"desktop":{"background-color":"var(--ast-global-color-5)","background-image":"","background-repeat":"repeat","background-position":"center center","background-size":"auto","background-attachment":"scroll","background-type":"","background-media":"","overlay-type":"","overlay-color":"","overlay-opacity":"","overlay-gradient":""},"tablet":{"background-color":"","background-image":"","background-repeat":"repeat","background-position":"center center","background-size":"auto","background-attachment":"scroll","background-type":"","background-media":"","overlay-type":"","overlay-color":"","overlay-opacity":"","overlay-gradient":""},"mobile":{"background-color":"","background-image":"","background-repeat":"repeat","background-position":"center center","background-size":"auto","background-attachment":"scroll","background-type":"","background-media":"","overlay-type":"","overlay-color":"","overlay-opacity":"","overlay-gradient":""}},"ast-content-background-meta":{"desktop":{"background-color":"var(--ast-global-color-4)","background-image":"","background-repeat":"repeat","background-position":"center center","background-size":"auto","background-attachment":"scroll","background-type":"","background-media":"","overlay-type":"","overlay-color":"","overlay-opacity":"","overlay-gradient":""},"tablet":{"background-color":"var(--ast-global-color-4)","background-image":"","background-repeat":"repeat","background-position":"center center","background-size":"auto","background-attachment":"scroll","background-type":"","background-media":"","overlay-type":"","overlay-color":"","overlay-opacity":"","overlay-gradient":""},"mobile":{"background-color":"var(--ast-global-color-4)","background-image":"","background-repeat":"repeat","background-position":"center center","background-size":"auto","background-attachment":"scroll","background-type":"","background-media":"","overlay-type":"","overlay-color":"","overlay-opacity":"","overlay-gradient":""}}},"categories":[22,56],"tags":[],"acf":[],"_links":{"self":[{"href":"https:\/\/plancabanyal.es\/en\/wp-json\/wp\/v2\/posts\/10501"}],"collection":[{"href":"https:\/\/plancabanyal.es\/en\/wp-json\/wp\/v2\/posts"}],"about":[{"href":"https:\/\/plancabanyal.es\/en\/wp-json\/wp\/v2\/types\/post"}],"author":[{"embeddable":true,"href":"https:\/\/plancabanyal.es\/en\/wp-json\/wp\/v2\/users\/2"}],"replies":[{"embeddable":true,"href":"https:\/\/plancabanyal.es\/en\/wp-json\/wp\/v2\/comments?post=10501"}],"version-history":[{"count":0,"href":"https:\/\/plancabanyal.es\/en\/wp-json\/wp\/v2\/posts\/10501\/revisions"}],"wp:featuredmedia":[{"embeddable":true,"href":"https:\/\/plancabanyal.es\/en\/wp-json\/wp\/v2\/media\/10492"}],"wp:attachment":[{"href":"https:\/\/plancabanyal.es\/en\/wp-json\/wp\/v2\/media?parent=10501"}],"wp:term":[{"taxonomy":"category","embeddable":true,"href":"https:\/\/plancabanyal.es\/en\/wp-json\/wp\/v2\/categories?post=10501"},{"taxonomy":"post_tag","embeddable":true,"href":"https:\/\/plancabanyal.es\/en\/wp-json\/wp\/v2\/tags?post=10501"}],"curies":[{"name":"wp","href":"https:\/\/api.w.org\/{rel}","templated":true}]}}