{"id":10499,"date":"2024-12-18T09:43:07","date_gmt":"2024-12-18T08:43:07","guid":{"rendered":"https:\/\/plancabanyal.es\/?p=10499"},"modified":"2024-12-18T09:47:56","modified_gmt":"2024-12-18T08:47:56","slug":"el-consell-autoriza-convenios-con-los-ayuntamientos-de-valencia-y-elche-para-financiar-actuaciones-de-regeneracion-y-renovacion-urbana-y-rural","status":"publish","type":"post","link":"https:\/\/plancabanyal.es\/en\/el-consell-autoriza-convenios-con-los-ayuntamientos-de-valencia-y-elche-para-financiar-actuaciones-de-regeneracion-y-renovacion-urbana-y-rural\/","title":{"rendered":"El Consell autoriza convenios con los ayuntamientos de Val\u00e8ncia y Elche para financiar actuaciones de regeneraci\u00f3n y renovaci\u00f3n urbana y rural"},"content":{"rendered":"<div class=\"dateRedes\">\n<p>17\/12\/2024<\/p>\n<p>&nbsp;<\/p>\n<\/div>\n<p><strong>La Generalitat subvenciona acciones en el barrio del Cabanyal-Canyamelar de Val\u00e8ncia por importe de 725.021 euros y en el barrio ilicitano de San Ant\u00f3n por valor de 541.199,11 euros.<\/strong><\/p>\n<p>&nbsp;<\/p>\n<p>El Consell ha aprobado convenios de colaboraci\u00f3n entre la Vicepresidencia Primera y Conselleria de Servicios Sociales, Igualdad y Vivienda y los ayuntamientos de Val\u00e8ncia y Elche para financiar actuaciones de regeneraci\u00f3n y renovaci\u00f3n urbana en los dos municipios.<\/p>\n<p>En concreto, a trav\u00e9s del convenio con el Ayuntamiento de Val\u00e8ncia, se subvencionan actuaciones de regeneraci\u00f3n y renovaci\u00f3n urbana y rural en el barrio del Cabanyal-Canyamelar de Val\u00e8ncia por importe de 725.021 euros para las anualidades de 2024, 2025 y 2026.<\/p>\n<p>A tal efecto, la Vicepresidencia Primera y Conselleria de Servicios Sociales, Igualdad y Vivienda aporta 10.000 euros en 2024, 279.421 euros en 2025 y 435.600 euros en 2026.<\/p>\n<p>La aportaci\u00f3n se realiza atendiendo al acuerdo del 29 de octubre de 2018 de la comisi\u00f3n bilateral entre el Ministerio de Transporte, Movilidad y Agenda Urbana y la Generalitat, con la participaci\u00f3n del Ayuntamiento de Val\u00e8ncia.<\/p>\n<p>Las actuaciones comprenden obras de edificaci\u00f3n de 10 viviendas, con calificaci\u00f3n energ\u00e9tica m\u00ednima tipo B, en sustituci\u00f3n de otras previamente demolidas.<\/p>\n<p>A causa del elevado estado de deterioro en que se encuentran las viviendas, la actuaci\u00f3n protegida comprende las obras de demolici\u00f3n de los edificios, de construcci\u00f3n de las nuevas viviendas y de reurbanizaci\u00f3n necesarias, la ejecuci\u00f3n de un programa de realojamiento y la realizaci\u00f3n de las funciones de gesti\u00f3n t\u00e9cnica e informaci\u00f3n a trav\u00e9s del equipo t\u00e9cnico de gesti\u00f3n.<\/p>\n<p>Tambi\u00e9n se incluyen actuaciones dirigidas a la rehabilitaci\u00f3n de 170 viviendas, y obras de recuperaci\u00f3n de elementos estructurales del edificio, accesibilidad, adecuaci\u00f3n de elementos comunes y habitabilidad de las viviendas.<\/p>\n<p>&nbsp;<\/p>\n<p><strong>Regeneraci\u00f3n urbana en Elche<\/strong><\/p>\n<p>Asimismo, el Consell ha autorizado la firma de un convenio entre la Vicepresidencia Primera y Conselleria de Servicios Sociales, Igualdad y Vivienda y el Ayuntamiento de Elche para la gesti\u00f3n de la actuaci\u00f3n de regeneraci\u00f3n y renovaci\u00f3n urbana y rural del barrio de San Ant\u00f3n, edificio n\u00famero 4 (bloque VI) de Elche, tambi\u00e9n para los a\u00f1os 2024, 2025 y 2026.<\/p>\n<p>A tal efecto, la Vicepresidencia Primera y Conselleria de Servicios Sociales, Igualdad y Vivienda aporta un total de 541.199,11 euros para los tres a\u00f1os, tambi\u00e9n en el marco del acuerdo de 2018 de la comisi\u00f3n bilateral entre el Ministerio de Transporte, Movilidad y Agenda Urbana y la Generalitat, con la participaci\u00f3n del Ayuntamiento de Elche.<\/p>\n<p>En concreto, se contemplan 430.000 euros para 2024, 101.199,11 euros para 2025 y 10.000 euros para 2026.<\/p>\n<p>Esta actuaci\u00f3n comprende la construcci\u00f3n de 55 viviendas nuevas, con calificaci\u00f3n energ\u00e9tica m\u00ednima tipo B, en el edificio n\u00famero 4 (bloque VI) del barrio de San Ant\u00f3n de Elche.<\/p>\n<p>&nbsp;<\/p>\n<p>Fuente: <a href=\"https:\/\/comunica.gva.es\/va\/detalle?id=388553699&amp;site=373431293\" target=\"_blank\" rel=\"noopener\"><strong>Vicepresid\u00e8ncia primera i Servicis Socials, Igualtat i Vivenda<\/strong><\/a><\/p>\n","protected":false},"excerpt":{"rendered":"<p>17\/12\/2024 &nbsp; La Generalitat subvenciona acciones en el barrio del Cabanyal-Canyamelar de Val\u00e8ncia por importe de 725.021 euros y en [&hellip;]<\/p>\n","protected":false},"author":2,"featured_media":10507,"comment_status":"open","ping_status":"open","sticky":false,"template":"","format":"standard","meta":{"site-sidebar-layout":"default","site-content-layout":"","ast-site-content-layout":"","site-content-style":"default","site-sidebar-style":"default","ast-global-header-display":"","ast-banner-title-visibility":"","ast-main-header-display":"","ast-hfb-above-header-display":"","ast-hfb-below-header-display":"","ast-hfb-mobile-header-display":"","site-post-title":"","ast-breadcrumbs-content":"","ast-featured-img":"","footer-sml-layout":"","theme-transparent-header-meta":"","adv-header-id-meta":"","stick-header-meta":"","header-above-stick-meta":"","header-main-stick-meta":"","header-below-stick-meta":"","astra-migrate-meta-layouts":"default","ast-page-background-enabled":"default","ast-page-background-meta":{"desktop":{"background-color":"var(--ast-global-color-5)","background-image":"","background-repeat":"repeat","background-position":"center center","background-size":"auto","background-attachment":"scroll","background-type":"","background-media":"","overlay-type":"","overlay-color":"","overlay-opacity":"","overlay-gradient":""},"tablet":{"background-color":"","background-image":"","background-repeat":"repeat","background-position":"center center","background-size":"auto","background-attachment":"scroll","background-type":"","background-media":"","overlay-type":"","overlay-color":"","overlay-opacity":"","overlay-gradient":""},"mobile":{"background-color":"","background-image":"","background-repeat":"repeat","background-position":"center center","background-size":"auto","background-attachment":"scroll","background-type":"","background-media":"","overlay-type":"","overlay-color":"","overlay-opacity":"","overlay-gradient":""}},"ast-content-background-meta":{"desktop":{"background-color":"var(--ast-global-color-4)","background-image":"","background-repeat":"repeat","background-position":"center center","background-size":"auto","background-attachment":"scroll","background-type":"","background-media":"","overlay-type":"","overlay-color":"","overlay-opacity":"","overlay-gradient":""},"tablet":{"background-color":"var(--ast-global-color-4)","background-image":"","background-repeat":"repeat","background-position":"center center","background-size":"auto","background-attachment":"scroll","background-type":"","background-media":"","overlay-type":"","overlay-color":"","overlay-opacity":"","overlay-gradient":""},"mobile":{"background-color":"var(--ast-global-color-4)","background-image":"","background-repeat":"repeat","background-position":"center center","background-size":"auto","background-attachment":"scroll","background-type":"","background-media":"","overlay-type":"","overlay-color":"","overlay-opacity":"","overlay-gradient":""}}},"categories":[22,56],"tags":[],"acf":[],"_links":{"self":[{"href":"https:\/\/plancabanyal.es\/en\/wp-json\/wp\/v2\/posts\/10499"}],"collection":[{"href":"https:\/\/plancabanyal.es\/en\/wp-json\/wp\/v2\/posts"}],"about":[{"href":"https:\/\/plancabanyal.es\/en\/wp-json\/wp\/v2\/types\/post"}],"author":[{"embeddable":true,"href":"https:\/\/plancabanyal.es\/en\/wp-json\/wp\/v2\/users\/2"}],"replies":[{"embeddable":true,"href":"https:\/\/plancabanyal.es\/en\/wp-json\/wp\/v2\/comments?post=10499"}],"version-history":[{"count":1,"href":"https:\/\/plancabanyal.es\/en\/wp-json\/wp\/v2\/posts\/10499\/revisions"}],"predecessor-version":[{"id":10504,"href":"https:\/\/plancabanyal.es\/en\/wp-json\/wp\/v2\/posts\/10499\/revisions\/10504"}],"wp:featuredmedia":[{"embeddable":true,"href":"https:\/\/plancabanyal.es\/en\/wp-json\/wp\/v2\/media\/10507"}],"wp:attachment":[{"href":"https:\/\/plancabanyal.es\/en\/wp-json\/wp\/v2\/media?parent=10499"}],"wp:term":[{"taxonomy":"category","embeddable":true,"href":"https:\/\/plancabanyal.es\/en\/wp-json\/wp\/v2\/categories?post=10499"},{"taxonomy":"post_tag","embeddable":true,"href":"https:\/\/plancabanyal.es\/en\/wp-json\/wp\/v2\/tags?post=10499"}],"curies":[{"name":"wp","href":"https:\/\/api.w.org\/{rel}","templated":true}]}}