{"id":10432,"date":"2024-12-11T11:29:00","date_gmt":"2024-12-11T10:29:00","guid":{"rendered":"https:\/\/plancabanyal.es\/?p=10432"},"modified":"2024-12-11T11:29:00","modified_gmt":"2024-12-11T10:29:00","slug":"el-consell-autoriza-a-la-evha-la-ampliacion-de-capital-en-la-sociedad-plan-cabanyal-canyamelar","status":"publish","type":"post","link":"https:\/\/plancabanyal.es\/en\/el-consell-autoriza-a-la-evha-la-ampliacion-de-capital-en-la-sociedad-plan-cabanyal-canyamelar\/","title":{"rendered":"El Consell autoriza a la EVha la ampliaci\u00f3n de capital en la sociedad Plan Cabanyal-Canyamelar"},"content":{"rendered":"<div class=\"dateRedes\">\n<p>10\/12\/2024<\/p>\n<p>&nbsp;<\/p>\n<\/div>\n<ul>\n<li><strong>La entidad EVha, dependiente de la Vicepresidencia Primera, adquirir\u00e1 acciones por valor de 500.000 euros<\/strong><\/li>\n<\/ul>\n<p>&nbsp;<\/p>\n<p>El Consell ha autorizado la ampliaci\u00f3n de capital de la Entidad Valenciana de Vivienda y Suelo (EVha) en la sociedad Plan Cabanyal-Canyamelar, S.A.<\/p>\n<p>La EVha, dependiente de la Vicepresidencia Primera y Conselleria de Servicios Sociales, Igualdad y Vivienda, adquirir\u00e1 1.000 nuevas acciones con un valor nominal de 500 euros cada una de ellas. Por lo tanto, la entidad desembolsar\u00e1 500.000 euros a la sociedad Plan Cabanyal-Canyameral, SA.<\/p>\n<p>El objetivo de esta medida es aumentar el capital social de la sociedad para obtener una mayor liquidez.<\/p>\n<p>Plan Cabanyal-Canyamelar, S.A. es una sociedad formada en un 50 % por la Generalitat, a trav\u00e9s de la EVha, y otro 50 % por el Ayuntamiento de Val\u00e8ncia, por medio de Actuaciones Municipales Urbanas SA (Aumsa).<\/p>\n<p>Esta entidad tiene como objetivo llevar a cabo todas las actuaciones urban\u00edsticas y de edificaci\u00f3n necesarias para la rehabilitaci\u00f3n de este emblem\u00e1tico barrio, as\u00ed como aquellas intervenciones que contribuyan a su revitalizaci\u00f3n.<\/p>\n<p>&nbsp;<\/p>\n<div class=\"dateRedes\"><a href=\"https:\/\/comunica.gva.es\/va\/detalle?id=388383059&amp;site=373431293\">Fuente: Vicepresid\u00e8ncia Primera i Serveis Socials, Igualtat i Vivenda<\/a><\/div>\n<div><\/div>\n<div class=\"dateRedes\"><\/div>\n<p>&nbsp;<\/p>\n<div><\/div>\n","protected":false},"excerpt":{"rendered":"<p>10\/12\/2024 &nbsp; La entidad EVha, dependiente de la Vicepresidencia Primera, adquirir\u00e1 acciones por valor de 500.000 euros &nbsp; El Consell [&hellip;]<\/p>\n","protected":false},"author":2,"featured_media":10412,"comment_status":"open","ping_status":"open","sticky":false,"template":"","format":"standard","meta":{"site-sidebar-layout":"default","site-content-layout":"","ast-site-content-layout":"","site-content-style":"default","site-sidebar-style":"default","ast-global-header-display":"","ast-banner-title-visibility":"","ast-main-header-display":"","ast-hfb-above-header-display":"","ast-hfb-below-header-display":"","ast-hfb-mobile-header-display":"","site-post-title":"","ast-breadcrumbs-content":"","ast-featured-img":"","footer-sml-layout":"","theme-transparent-header-meta":"","adv-header-id-meta":"","stick-header-meta":"","header-above-stick-meta":"","header-main-stick-meta":"","header-below-stick-meta":"","astra-migrate-meta-layouts":"default","ast-page-background-enabled":"default","ast-page-background-meta":{"desktop":{"background-color":"var(--ast-global-color-5)","background-image":"","background-repeat":"repeat","background-position":"center center","background-size":"auto","background-attachment":"scroll","background-type":"","background-media":"","overlay-type":"","overlay-color":"","overlay-opacity":"","overlay-gradient":""},"tablet":{"background-color":"","background-image":"","background-repeat":"repeat","background-position":"center center","background-size":"auto","background-attachment":"scroll","background-type":"","background-media":"","overlay-type":"","overlay-color":"","overlay-opacity":"","overlay-gradient":""},"mobile":{"background-color":"","background-image":"","background-repeat":"repeat","background-position":"center center","background-size":"auto","background-attachment":"scroll","background-type":"","background-media":"","overlay-type":"","overlay-color":"","overlay-opacity":"","overlay-gradient":""}},"ast-content-background-meta":{"desktop":{"background-color":"var(--ast-global-color-4)","background-image":"","background-repeat":"repeat","background-position":"center center","background-size":"auto","background-attachment":"scroll","background-type":"","background-media":"","overlay-type":"","overlay-color":"","overlay-opacity":"","overlay-gradient":""},"tablet":{"background-color":"var(--ast-global-color-4)","background-image":"","background-repeat":"repeat","background-position":"center center","background-size":"auto","background-attachment":"scroll","background-type":"","background-media":"","overlay-type":"","overlay-color":"","overlay-opacity":"","overlay-gradient":""},"mobile":{"background-color":"var(--ast-global-color-4)","background-image":"","background-repeat":"repeat","background-position":"center center","background-size":"auto","background-attachment":"scroll","background-type":"","background-media":"","overlay-type":"","overlay-color":"","overlay-opacity":"","overlay-gradient":""}}},"categories":[22,56],"tags":[],"acf":[],"_links":{"self":[{"href":"https:\/\/plancabanyal.es\/en\/wp-json\/wp\/v2\/posts\/10432"}],"collection":[{"href":"https:\/\/plancabanyal.es\/en\/wp-json\/wp\/v2\/posts"}],"about":[{"href":"https:\/\/plancabanyal.es\/en\/wp-json\/wp\/v2\/types\/post"}],"author":[{"embeddable":true,"href":"https:\/\/plancabanyal.es\/en\/wp-json\/wp\/v2\/users\/2"}],"replies":[{"embeddable":true,"href":"https:\/\/plancabanyal.es\/en\/wp-json\/wp\/v2\/comments?post=10432"}],"version-history":[{"count":1,"href":"https:\/\/plancabanyal.es\/en\/wp-json\/wp\/v2\/posts\/10432\/revisions"}],"predecessor-version":[{"id":10438,"href":"https:\/\/plancabanyal.es\/en\/wp-json\/wp\/v2\/posts\/10432\/revisions\/10438"}],"wp:featuredmedia":[{"embeddable":true,"href":"https:\/\/plancabanyal.es\/en\/wp-json\/wp\/v2\/media\/10412"}],"wp:attachment":[{"href":"https:\/\/plancabanyal.es\/en\/wp-json\/wp\/v2\/media?parent=10432"}],"wp:term":[{"taxonomy":"category","embeddable":true,"href":"https:\/\/plancabanyal.es\/en\/wp-json\/wp\/v2\/categories?post=10432"},{"taxonomy":"post_tag","embeddable":true,"href":"https:\/\/plancabanyal.es\/en\/wp-json\/wp\/v2\/tags?post=10432"}],"curies":[{"name":"wp","href":"https:\/\/api.w.org\/{rel}","templated":true}]}}