{"id":10423,"date":"2025-01-29T10:08:48","date_gmt":"2025-01-29T09:08:48","guid":{"rendered":"https:\/\/plancabanyal.es\/?p=10423"},"modified":"2025-02-07T10:00:08","modified_gmt":"2025-02-07T09:00:08","slug":"plan-cabanyal-canyamelar-aprueba-los-presupuestos-de-2025-y-preve-el-comienzo-de-las-obras-de-los-dos-edificios-para-el-realojo-de-los-propietarios-de-los-bloques-portuarios","status":"publish","type":"post","link":"https:\/\/plancabanyal.es\/en\/plan-cabanyal-canyamelar-aprueba-los-presupuestos-de-2025-y-preve-el-comienzo-de-las-obras-de-los-dos-edificios-para-el-realojo-de-los-propietarios-de-los-bloques-portuarios\/","title":{"rendered":"Plan Cabanyal-Canyamelar aprueba los presupuestos de 2025 y prev\u00e9 el comienzo de las obras de los dos edificios para el realojo de los propietarios de los bloques portuarios"},"content":{"rendered":"<div class=\"dateRedes\">\n<p>09\/12\/2025<\/p>\n<\/div>\n<ul>\n<li><strong>La sociedad aprueba un presupuesto de 3,2 millones de euros para la rehabilitaci\u00f3n, regeneraci\u00f3n y renovaci\u00f3n urbana del barrio<\/strong><\/li>\n<\/ul>\n<ul>\n<li><strong>Se est\u00e1 dise\u00f1ando un programa para implementar una partida de ayudas a la renovaci\u00f3n de cocinas y ba\u00f1os que podr\u00e1 alcanzar una inversi\u00f3n total cercana a los 300.000 euros<\/strong><\/li>\n<\/ul>\n<ul>\n<li><strong>Se van a instalar placas solares en el edificio del Plan Cabanyal-Canyamelar de forma que el sobrante de energ\u00eda se suministrar\u00e1 a los hogares vulnerables del barrio<\/strong><\/li>\n<\/ul>\n<p>La Sociedad Plan Cabanyal-Canyamelar ha aprobado en su reuni\u00f3n del consejo de administraci\u00f3n el presupuesto para 2025, que alcanzan la cifra de 3.285.049 euros y que se destinar\u00e1n a la rehabilitaci\u00f3n de inmuebles, la renovaci\u00f3n del parque de viviendas y la regeneraci\u00f3n del barrio, a trav\u00e9s de una inversi\u00f3n de 2 millones de euros.<\/p>\n<p>Seg\u00fan ha explicado el concejal de Urbanismo y presidente de la sociedad, Juan Giner, \u201cuno de los principales objetivos de la sociedad para el pr\u00f3ximo a\u00f1o 2025 se centra en la renovaci\u00f3n del parque de viviendas con el comienzo de las obras de los dos edificios de viviendas que se construir\u00e1n en la parcela situada en la calle de Astilleros, calle de Vicent Guillot (Tio Bola) y Calle de Eug\u00e8nia Vi\u00f1es, que se destinar\u00e1n al realojo de los propietarios de los bloques portuarios\u201d.<\/p>\n<p>\u201cAs\u00ed, ha continuado Juan Giner, una vez presentado el proyecto y realizadas las subsanaciones t\u00e9cnicas, se pondr\u00e1 en marcha la licitaci\u00f3n de las obras que permitir\u00e1n que en 2025 ya arranquen las obras de un proyecto tan demandado por todos los vecinos del barrio\u201d.<\/p>\n<p>Por otro lado, la sociedad va a invertir 2 millones de euros en el barrio. As\u00ed, destaca una l\u00ednea de actuaci\u00f3n que, con 450.000 euros, intervendr\u00e1 en diferentes comunidades de propietarios donde participa el Plan Cabanyal-Canyamelar con las reparaciones y mejora de los espacios comunes y el mantenimiento de los inmuebles.<\/p>\n<p>Adem\u00e1s, en el marco de la rehabilitaci\u00f3n, la sociedad est\u00e1 dise\u00f1ando un programa para implementar una partida de ayudas a la renovaci\u00f3n de cocinas y ba\u00f1os que podr\u00e1 alcanzar una inversi\u00f3n total cercana a los 300.000 euros y cuyo importe se partir\u00e1 del beneficio de las enajenaciones realizadas del 2025.<\/p>\n<p>En este \u00e1mbito, tambi\u00e9n cabe destacar la propuesta que se est\u00e1 analizando para instalar placas solares en el edificio del Plan Cabanyal-Canyamelar. Se trata de una apuesta por el medio ambiente, de forma que el sobrante de energ\u00eda se suministrar\u00e1 a los hogares vulnerables del barrio. Por \u00faltimo, se mantendr\u00e1 el trabajo de la oficina de proximidad, que da servicio a los vecinos del barrio.<\/p>\n<p>&nbsp;<\/p>\n<div class=\"dateRedes\"><a href=\"https:\/\/www.valencia.es\/val\/actualitat\/-\/content\/presupuesto-2025-plan-cabanyal\">Fuente: Actualidad &#8211; Ayuntamiento de Valencia<\/a><\/div>\n<div><\/div>\n<div class=\"dateRedes\"><\/div>\n<p>&nbsp;<\/p>\n<div><\/div>\n","protected":false},"excerpt":{"rendered":"<p>09\/12\/2025 La sociedad aprueba un presupuesto de 3,2 millones de euros para la rehabilitaci\u00f3n, regeneraci\u00f3n y renovaci\u00f3n urbana del barrio [&hellip;]<\/p>\n","protected":false},"author":2,"featured_media":8922,"comment_status":"open","ping_status":"open","sticky":false,"template":"","format":"standard","meta":{"site-sidebar-layout":"default","site-content-layout":"","ast-site-content-layout":"","site-content-style":"default","site-sidebar-style":"default","ast-global-header-display":"","ast-banner-title-visibility":"","ast-main-header-display":"","ast-hfb-above-header-display":"","ast-hfb-below-header-display":"","ast-hfb-mobile-header-display":"","site-post-title":"","ast-breadcrumbs-content":"","ast-featured-img":"","footer-sml-layout":"","theme-transparent-header-meta":"","adv-header-id-meta":"","stick-header-meta":"","header-above-stick-meta":"","header-main-stick-meta":"","header-below-stick-meta":"","astra-migrate-meta-layouts":"default","ast-page-background-enabled":"default","ast-page-background-meta":{"desktop":{"background-color":"var(--ast-global-color-5)","background-image":"","background-repeat":"repeat","background-position":"center center","background-size":"auto","background-attachment":"scroll","background-type":"","background-media":"","overlay-type":"","overlay-color":"","overlay-opacity":"","overlay-gradient":""},"tablet":{"background-color":"","background-image":"","background-repeat":"repeat","background-position":"center center","background-size":"auto","background-attachment":"scroll","background-type":"","background-media":"","overlay-type":"","overlay-color":"","overlay-opacity":"","overlay-gradient":""},"mobile":{"background-color":"","background-image":"","background-repeat":"repeat","background-position":"center center","background-size":"auto","background-attachment":"scroll","background-type":"","background-media":"","overlay-type":"","overlay-color":"","overlay-opacity":"","overlay-gradient":""}},"ast-content-background-meta":{"desktop":{"background-color":"var(--ast-global-color-4)","background-image":"","background-repeat":"repeat","background-position":"center center","background-size":"auto","background-attachment":"scroll","background-type":"","background-media":"","overlay-type":"","overlay-color":"","overlay-opacity":"","overlay-gradient":""},"tablet":{"background-color":"var(--ast-global-color-4)","background-image":"","background-repeat":"repeat","background-position":"center center","background-size":"auto","background-attachment":"scroll","background-type":"","background-media":"","overlay-type":"","overlay-color":"","overlay-opacity":"","overlay-gradient":""},"mobile":{"background-color":"var(--ast-global-color-4)","background-image":"","background-repeat":"repeat","background-position":"center center","background-size":"auto","background-attachment":"scroll","background-type":"","background-media":"","overlay-type":"","overlay-color":"","overlay-opacity":"","overlay-gradient":""}}},"categories":[50,22,56],"tags":[],"acf":[],"_links":{"self":[{"href":"https:\/\/plancabanyal.es\/en\/wp-json\/wp\/v2\/posts\/10423"}],"collection":[{"href":"https:\/\/plancabanyal.es\/en\/wp-json\/wp\/v2\/posts"}],"about":[{"href":"https:\/\/plancabanyal.es\/en\/wp-json\/wp\/v2\/types\/post"}],"author":[{"embeddable":true,"href":"https:\/\/plancabanyal.es\/en\/wp-json\/wp\/v2\/users\/2"}],"replies":[{"embeddable":true,"href":"https:\/\/plancabanyal.es\/en\/wp-json\/wp\/v2\/comments?post=10423"}],"version-history":[{"count":3,"href":"https:\/\/plancabanyal.es\/en\/wp-json\/wp\/v2\/posts\/10423\/revisions"}],"predecessor-version":[{"id":10772,"href":"https:\/\/plancabanyal.es\/en\/wp-json\/wp\/v2\/posts\/10423\/revisions\/10772"}],"wp:featuredmedia":[{"embeddable":true,"href":"https:\/\/plancabanyal.es\/en\/wp-json\/wp\/v2\/media\/8922"}],"wp:attachment":[{"href":"https:\/\/plancabanyal.es\/en\/wp-json\/wp\/v2\/media?parent=10423"}],"wp:term":[{"taxonomy":"category","embeddable":true,"href":"https:\/\/plancabanyal.es\/en\/wp-json\/wp\/v2\/categories?post=10423"},{"taxonomy":"post_tag","embeddable":true,"href":"https:\/\/plancabanyal.es\/en\/wp-json\/wp\/v2\/tags?post=10423"}],"curies":[{"name":"wp","href":"https:\/\/api.w.org\/{rel}","templated":true}]}}