{"id":10377,"date":"2024-11-20T10:30:24","date_gmt":"2024-11-20T09:30:24","guid":{"rendered":"https:\/\/plancabanyal.es\/?p=10377"},"modified":"2024-11-20T10:36:17","modified_gmt":"2024-11-20T09:36:17","slug":"catala-desbloquea-la-reforma-integral-del-polideportivo-de-el-cabanyal","status":"publish","type":"post","link":"https:\/\/plancabanyal.es\/en\/catala-desbloquea-la-reforma-integral-del-polideportivo-de-el-cabanyal\/","title":{"rendered":"Catal\u00e1 desbloquea la reforma integral del polideportivo de El Cabanyal"},"content":{"rendered":"<div class=\"dateRedes\">\n<p><strong>19\/11\/2024<\/strong><\/p>\n<\/div>\n<p>&nbsp;<\/p>\n<h4 class=\"articleSubtitle\"><em>El Ayuntamiento de Val\u00e8ncia\u00a0licita la redacci\u00f3n del proyecto\u00a0para abordar la intervenci\u00f3n.<\/em><\/h4>\n<p class=\"articleParagraph\">El gobierno local que lidera<b>\u00a0Mar\u00eda Jos\u00e9 Catal\u00e1 <\/b>ha dado el primer paso de cara a ejecutar la remodelaci\u00f3n integral del polideportivo municipal de El Cabanyal.\u00a0<b>El Ayuntamiento de Val\u00e8ncia ha licitado la redacci\u00f3n del proyecto de obras\u00a0<\/b>para llevar a cabo esta actuaci\u00f3n.<\/p>\n<p class=\"articleParagraph\">El documento fijar\u00e1 el plazo y coste de la intervenci\u00f3n.\u00a0<b>El anteproyecto aprobado en el mandato anterior calcul\u00f3 inicialmente en alrededor de diez millones de euros la inversi\u00f3n necesaria<\/b>, un coste que con seguridad ser\u00e1 superior una vez sea actualizado.<\/p>\n<p class=\"articleParagraph\">A finales del a\u00f1o pasado el Ayuntamiento acometi\u00f3 diversas obras de reparaci\u00f3n y mejora en el polideportivo del Cabanyal, que afectaron a la tarima de la cancha, la cubierta y la instalaci\u00f3n de agua caliente, adem\u00e1s de la limpieza de grafitis en las fachadas. Pero la actuaci\u00f3n prevista ahora<b>\u00a0ser\u00e1 la primera gran intervenci\u00f3n de mejora<\/b>\u00a0en esta instalaci\u00f3n municipal ubicada sobre una de las naves que en su d\u00eda ocup\u00f3 la<b>\u00a0antigua f\u00e1brica de cervezas El \u00c1guila,<\/b>\u00a0junto a la calle Serrer\u00eda. El proyecto permitir\u00e1 tambi\u00e9n que el consumo de electricidad y agua sea m\u00e1s eficiente.<\/p>\n<div><\/div>\n<p class=\"articleParagraph\">El polideportivo de El Cabanyal consta de<b>\u00a0tres plantas dedicadas a diversas actividades<\/b>\u00a0como balonmano, f\u00fatbol sala, gimnasia art\u00edstica, esgrima, artes marciales o squash, entre otras.<\/p>\n<p>&nbsp;<\/p>\n<p>Fuente: <a href=\"https:\/\/www.ondacero.es\/emisoras\/comunidad-valenciana\/valencia\/noticias\/catala-desbloquea-reforma-integral-polideportivo-cabanyal_20241119673c8afb1cab2d0001cc58cd.html\" target=\"_blank\" rel=\"noopener\">Onda Cero<\/a><\/p>\n<p>&nbsp;<\/p>\n<p>&nbsp;<\/p>\n<p>&nbsp;<\/p>\n","protected":false},"excerpt":{"rendered":"<p>19\/11\/2024 &nbsp; El Ayuntamiento de Val\u00e8ncia\u00a0licita la redacci\u00f3n del proyecto\u00a0para abordar la intervenci\u00f3n. El gobierno local que lidera\u00a0Mar\u00eda Jos\u00e9 Catal\u00e1 [&hellip;]<\/p>\n","protected":false},"author":2,"featured_media":10375,"comment_status":"open","ping_status":"open","sticky":false,"template":"","format":"standard","meta":{"site-sidebar-layout":"default","site-content-layout":"","ast-site-content-layout":"","site-content-style":"default","site-sidebar-style":"default","ast-global-header-display":"","ast-banner-title-visibility":"","ast-main-header-display":"","ast-hfb-above-header-display":"","ast-hfb-below-header-display":"","ast-hfb-mobile-header-display":"","site-post-title":"","ast-breadcrumbs-content":"","ast-featured-img":"","footer-sml-layout":"","theme-transparent-header-meta":"","adv-header-id-meta":"","stick-header-meta":"","header-above-stick-meta":"","header-main-stick-meta":"","header-below-stick-meta":"","astra-migrate-meta-layouts":"default","ast-page-background-enabled":"default","ast-page-background-meta":{"desktop":{"background-color":"var(--ast-global-color-5)","background-image":"","background-repeat":"repeat","background-position":"center center","background-size":"auto","background-attachment":"scroll","background-type":"","background-media":"","overlay-type":"","overlay-color":"","overlay-opacity":"","overlay-gradient":""},"tablet":{"background-color":"","background-image":"","background-repeat":"repeat","background-position":"center center","background-size":"auto","background-attachment":"scroll","background-type":"","background-media":"","overlay-type":"","overlay-color":"","overlay-opacity":"","overlay-gradient":""},"mobile":{"background-color":"","background-image":"","background-repeat":"repeat","background-position":"center center","background-size":"auto","background-attachment":"scroll","background-type":"","background-media":"","overlay-type":"","overlay-color":"","overlay-opacity":"","overlay-gradient":""}},"ast-content-background-meta":{"desktop":{"background-color":"var(--ast-global-color-4)","background-image":"","background-repeat":"repeat","background-position":"center center","background-size":"auto","background-attachment":"scroll","background-type":"","background-media":"","overlay-type":"","overlay-color":"","overlay-opacity":"","overlay-gradient":""},"tablet":{"background-color":"var(--ast-global-color-4)","background-image":"","background-repeat":"repeat","background-position":"center center","background-size":"auto","background-attachment":"scroll","background-type":"","background-media":"","overlay-type":"","overlay-color":"","overlay-opacity":"","overlay-gradient":""},"mobile":{"background-color":"var(--ast-global-color-4)","background-image":"","background-repeat":"repeat","background-position":"center center","background-size":"auto","background-attachment":"scroll","background-type":"","background-media":"","overlay-type":"","overlay-color":"","overlay-opacity":"","overlay-gradient":""}}},"categories":[22,56],"tags":[],"acf":[],"_links":{"self":[{"href":"https:\/\/plancabanyal.es\/en\/wp-json\/wp\/v2\/posts\/10377"}],"collection":[{"href":"https:\/\/plancabanyal.es\/en\/wp-json\/wp\/v2\/posts"}],"about":[{"href":"https:\/\/plancabanyal.es\/en\/wp-json\/wp\/v2\/types\/post"}],"author":[{"embeddable":true,"href":"https:\/\/plancabanyal.es\/en\/wp-json\/wp\/v2\/users\/2"}],"replies":[{"embeddable":true,"href":"https:\/\/plancabanyal.es\/en\/wp-json\/wp\/v2\/comments?post=10377"}],"version-history":[{"count":3,"href":"https:\/\/plancabanyal.es\/en\/wp-json\/wp\/v2\/posts\/10377\/revisions"}],"predecessor-version":[{"id":10388,"href":"https:\/\/plancabanyal.es\/en\/wp-json\/wp\/v2\/posts\/10377\/revisions\/10388"}],"wp:featuredmedia":[{"embeddable":true,"href":"https:\/\/plancabanyal.es\/en\/wp-json\/wp\/v2\/media\/10375"}],"wp:attachment":[{"href":"https:\/\/plancabanyal.es\/en\/wp-json\/wp\/v2\/media?parent=10377"}],"wp:term":[{"taxonomy":"category","embeddable":true,"href":"https:\/\/plancabanyal.es\/en\/wp-json\/wp\/v2\/categories?post=10377"},{"taxonomy":"post_tag","embeddable":true,"href":"https:\/\/plancabanyal.es\/en\/wp-json\/wp\/v2\/tags?post=10377"}],"curies":[{"name":"wp","href":"https:\/\/api.w.org\/{rel}","templated":true}]}}