{"id":10338,"date":"2024-10-22T09:41:58","date_gmt":"2024-10-22T07:41:58","guid":{"rendered":"https:\/\/plancabanyal.es\/?p=10338"},"modified":"2024-10-22T09:41:58","modified_gmt":"2024-10-22T07:41:58","slug":"el-consejo-de-administracion-de-aumsa-nombra-a-covadonga-rico-gerente-de-la-entidad","status":"publish","type":"post","link":"https:\/\/plancabanyal.es\/en\/el-consejo-de-administracion-de-aumsa-nombra-a-covadonga-rico-gerente-de-la-entidad\/","title":{"rendered":"El Consejo de Administraci\u00f3n de AUMSA nombra a Covadonga Rico gerente de la entidad"},"content":{"rendered":"<div class=\"dateRedes\">\n<p><strong>18\/10\/2024<\/strong><\/p>\n<p>&nbsp;<\/p>\n<ul>\n<li><strong>Con los votos a favor del PP y Vox, la abstenci\u00f3n de PSPV y el voto en contra de Comprom\u00eds<\/strong><\/li>\n<\/ul>\n<ul>\n<li><strong>Substituye en el cargo a Ana Gil que ha ejercido la gerencia hasta su nombramiento como directora general del sector p\u00fablico<\/strong><\/li>\n<\/ul>\n<p>&nbsp;<\/p>\n<p>El Consejo de Administraci\u00f3n de AUMSA ha aprobado esta ma\u00f1ana, con los votos a favor del PP, Vox, la abstenci\u00f3n de PSPV y el voto en contra de Comprom\u00eds, el nombramiento de Covadonga Rico como gerente de la Sociedad An\u00f3nima Municipal de Actuaciones Urbanas de Valencia (AUMSA) por su formaci\u00f3n y larga experiencia profesional en la administraci\u00f3n p\u00fablica.<\/p>\n<p>Covadonga Rico es licenciada en Derecho por la Universidad Complutense de Madrid. Funcionaria de carrera del Cuerpo Superior de Administradores Civiles del Estado. Ha realizado el Programa de Liderazgo en Gesti\u00f3n P\u00fablica (IESE) y el M\u00e1ster Universitario en Comunicaci\u00f3n de la Administraci\u00f3n P\u00fablica (UIMPINAP). Adem\u00e1s, ha dedicado toda su carrera profesional (m\u00e1s de 30 a\u00f1os) a la administraci\u00f3n p\u00fablica tanto en la Administraci\u00f3n General del Estado como en la Generalitat Valenciana. Actualmente ocupaba el puesto de consejera t\u00e9cnica de la Delegaci\u00f3n del Gobierno en la Comunitat Valenciana.<\/p>\n<p>Previamente, en la misma sesi\u00f3n, se ha aprobado el cese de Ana Gil como gerente de la sociedad, se le ha agradecido el trabajo que ha desarrollado durante el tiempo que ha estado al frente de la entidad hasta su nombramiento como directora general del sector p\u00fablico en el Ayuntamiento.<\/p>\n<p>&nbsp;<\/p>\n<\/div>\n<p>Fuente: <a href=\"https:\/\/www.valencia.es\/cas\/actualidad\/-\/content\/nueva-gerente-aumsa\" target=\"_blank\" rel=\"noopener\">Actualidad Ayuntamiento de Valencia<\/a><\/p>\n<p>&nbsp;<\/p>\n<p>&nbsp;<\/p>\n<p>&nbsp;<\/p>\n","protected":false},"excerpt":{"rendered":"<p>18\/10\/2024 &nbsp; Con los votos a favor del PP y Vox, la abstenci\u00f3n de PSPV y el voto en contra [&hellip;]<\/p>\n","protected":false},"author":2,"featured_media":10329,"comment_status":"open","ping_status":"open","sticky":false,"template":"","format":"standard","meta":{"site-sidebar-layout":"default","site-content-layout":"","ast-site-content-layout":"","site-content-style":"default","site-sidebar-style":"default","ast-global-header-display":"","ast-banner-title-visibility":"","ast-main-header-display":"","ast-hfb-above-header-display":"","ast-hfb-below-header-display":"","ast-hfb-mobile-header-display":"","site-post-title":"","ast-breadcrumbs-content":"","ast-featured-img":"","footer-sml-layout":"","theme-transparent-header-meta":"","adv-header-id-meta":"","stick-header-meta":"","header-above-stick-meta":"","header-main-stick-meta":"","header-below-stick-meta":"","astra-migrate-meta-layouts":"default","ast-page-background-enabled":"default","ast-page-background-meta":{"desktop":{"background-color":"var(--ast-global-color-5)","background-image":"","background-repeat":"repeat","background-position":"center center","background-size":"auto","background-attachment":"scroll","background-type":"","background-media":"","overlay-type":"","overlay-color":"","overlay-opacity":"","overlay-gradient":""},"tablet":{"background-color":"","background-image":"","background-repeat":"repeat","background-position":"center center","background-size":"auto","background-attachment":"scroll","background-type":"","background-media":"","overlay-type":"","overlay-color":"","overlay-opacity":"","overlay-gradient":""},"mobile":{"background-color":"","background-image":"","background-repeat":"repeat","background-position":"center center","background-size":"auto","background-attachment":"scroll","background-type":"","background-media":"","overlay-type":"","overlay-color":"","overlay-opacity":"","overlay-gradient":""}},"ast-content-background-meta":{"desktop":{"background-color":"var(--ast-global-color-4)","background-image":"","background-repeat":"repeat","background-position":"center center","background-size":"auto","background-attachment":"scroll","background-type":"","background-media":"","overlay-type":"","overlay-color":"","overlay-opacity":"","overlay-gradient":""},"tablet":{"background-color":"var(--ast-global-color-4)","background-image":"","background-repeat":"repeat","background-position":"center center","background-size":"auto","background-attachment":"scroll","background-type":"","background-media":"","overlay-type":"","overlay-color":"","overlay-opacity":"","overlay-gradient":""},"mobile":{"background-color":"var(--ast-global-color-4)","background-image":"","background-repeat":"repeat","background-position":"center center","background-size":"auto","background-attachment":"scroll","background-type":"","background-media":"","overlay-type":"","overlay-color":"","overlay-opacity":"","overlay-gradient":""}}},"categories":[22,56],"tags":[],"acf":[],"_links":{"self":[{"href":"https:\/\/plancabanyal.es\/en\/wp-json\/wp\/v2\/posts\/10338"}],"collection":[{"href":"https:\/\/plancabanyal.es\/en\/wp-json\/wp\/v2\/posts"}],"about":[{"href":"https:\/\/plancabanyal.es\/en\/wp-json\/wp\/v2\/types\/post"}],"author":[{"embeddable":true,"href":"https:\/\/plancabanyal.es\/en\/wp-json\/wp\/v2\/users\/2"}],"replies":[{"embeddable":true,"href":"https:\/\/plancabanyal.es\/en\/wp-json\/wp\/v2\/comments?post=10338"}],"version-history":[{"count":1,"href":"https:\/\/plancabanyal.es\/en\/wp-json\/wp\/v2\/posts\/10338\/revisions"}],"predecessor-version":[{"id":10341,"href":"https:\/\/plancabanyal.es\/en\/wp-json\/wp\/v2\/posts\/10338\/revisions\/10341"}],"wp:featuredmedia":[{"embeddable":true,"href":"https:\/\/plancabanyal.es\/en\/wp-json\/wp\/v2\/media\/10329"}],"wp:attachment":[{"href":"https:\/\/plancabanyal.es\/en\/wp-json\/wp\/v2\/media?parent=10338"}],"wp:term":[{"taxonomy":"category","embeddable":true,"href":"https:\/\/plancabanyal.es\/en\/wp-json\/wp\/v2\/categories?post=10338"},{"taxonomy":"post_tag","embeddable":true,"href":"https:\/\/plancabanyal.es\/en\/wp-json\/wp\/v2\/tags?post=10338"}],"curies":[{"name":"wp","href":"https:\/\/api.w.org\/{rel}","templated":true}]}}