{"id":10326,"date":"2024-10-22T09:40:11","date_gmt":"2024-10-22T07:40:11","guid":{"rendered":"https:\/\/plancabanyal.es\/?p=10326"},"modified":"2024-10-22T09:46:23","modified_gmt":"2024-10-22T07:46:23","slug":"los-cementerios-municipales-amplian-su-horario-de-apertura-hasta-el-3-de-noviembre","status":"publish","type":"post","link":"https:\/\/plancabanyal.es\/en\/los-cementerios-municipales-amplian-su-horario-de-apertura-hasta-el-3-de-noviembre\/","title":{"rendered":"Los cementerios municipales ampl\u00edan su horario de apertura hasta el 3 de noviembre"},"content":{"rendered":"<div class=\"dateRedes\">\n<p><strong>21\/10\/2024<\/strong><\/p>\n<p>&nbsp;<\/p>\n<\/div>\n<ul>\n<li><strong>Los camposantos est\u00e1n abiertos desde las 9 hasta las 18 horas, domingo y festivos inclusive, con motivo de la festividad de Todos los Santos<\/strong><\/li>\n<\/ul>\n<ul>\n<li><strong>Para facilitar las visitas, el Ayuntamiento refuerza las l\u00edneas de la EMT que se acercan al Cementerio General y habilita espacios para aparcar en su entorno<\/strong><\/li>\n<\/ul>\n<ul>\n<li><strong>El bando de la alcaldesa\u00a0<\/strong><strong>tambi\u00e9n regula la colocaci\u00f3n de adornos\u00a0<\/strong><strong>florales ante las l\u00e1pidas y nichos, permitida hasta las 11 de la ma\u00f1ana del 1 de noviembre<\/strong><\/li>\n<\/ul>\n<p>&nbsp;<\/p>\n<p>Los siete cementerios municipales (General, Cabanyal, Campanar, Grau, Benim\u00e1met, Massarrojos y El Palmar) mantendr\u00e1n hasta el domingo 3 noviembre un horario de apertura al p\u00fablico especial con motivo de la celebraci\u00f3n de la festividad de Todos los Santos. Este horario, operativo desde el pasado s\u00e1bado, d\u00eda 19 de octubre, permite la entrada desde las 9 hasta las 18 horas, domingo y festivos inclusive.<\/p>\n<p>As\u00ed consta en el\u00a0<a href=\"https:\/\/www.valencia.es\/val\/cementeris\/servicis-funeraris\">Bando<\/a>\u00a0que la alcaldesa de Val\u00e8ncia, Mar\u00eda Jos\u00e9 Catal\u00e1, ha publicado para para establecer una serie de normas en materia de accesibilidad y servicios, as\u00ed como en lo que se refiere a la venta de flores y r\u00e9gimen interno de los cementerios durante estos d\u00edas en los que estos recintos municipales registran gran afluencia de p\u00fablico.<\/p>\n<p>Entre estas medidas, cabe destacar el refuerzo de las l\u00edneas de la Empresa Municipal de Transportes (EMT), o la habilitaci\u00f3n de zonas de aparcamiento para particulares. Tambi\u00e9n se establecer\u00e1 un \u00fanico sentido de circulaci\u00f3n en ciertos tramos, y se dispondr\u00e1n estacionamientos espec\u00edficos para taxis y bicicletas.<\/p>\n<p><strong>Dispositivo EMT<\/strong><\/p>\n<p>De acuerdo con los informes de los Servicios de Movilidad, Polic\u00eda Local y Ocupaci\u00f3n del Dominio P\u00fablico Municipal, las l\u00edneas 9, 10, 18 y 99 de la EMT circular\u00e1n reforzadas desde el s\u00e1bado 26 de octubre hasta el viernes 1 de noviembre, ambos incluidos. Asimismo, habr\u00e1 un servicio especial desde la calle Periodista Azzati hasta la puerta principal del Cementerio General, utilizando la d\u00e1rsena del Crematorio Municipal para regular su servicio, y otro que circular\u00e1 desde el Tanatorio Municipal a la ampliaci\u00f3n del cementerio paralelo a la V-30.<\/p>\n<p>El bando de la alcaldesa tambi\u00e9n regula la colocaci\u00f3n de adornos y la venta de flores, con un m\u00e1ximo de 12 puestos permitidos en el Cementerio General y en otros cementerios.<\/p>\n<p>La ciudadan\u00eda tiene que colocar los adornos florales ante las l\u00e1pidas y nichos de sus seres queridos antes de las 11 de la ma\u00f1ana del 1 de noviembre, y ese quehacer queda reducido a la extensi\u00f3n de estas sepulturas. Por lo que respecta a las cajas en las que se lleven los adornos, estas se depositar\u00e1n en el lugar del cementerio, indicado por el personal encargado del cementerio. Asimismo, la colocaci\u00f3n de l\u00e1pidas, cruces, etc., s\u00f3lo se permitir\u00e1 hasta las 5 de la tarde del d\u00eda 30 de octubre.<\/p>\n<p>El concejal delegado de Cementerios, Carlos Mundina, ha recordado que el objetivo municipal es \u201cgestionar la gran afluencia de visitantes que se registra todos los a\u00f1os en los cementerios con motivo de la festividad de Todos los Santos, garantizar la accesibilidad a estos recintos y regular todos los servicios adicionales como, por ejemplo, la venta de flores, con el fin de que las visitas se lleven a cabo de forma respetuosa y segura para toda la poblaci\u00f3n\u201d.<\/p>\n<p>&nbsp;<\/p>\n<p>Fuente: <a href=\"https:\/\/www.valencia.es\/cas\/actualidad\/-\/content\/bando-todos-los-santos\" target=\"_blank\" rel=\"noopener\">Actualidad Ayuntamiento de Valencia<\/a><\/p>\n<p>&nbsp;<\/p>\n<p>&nbsp;<\/p>\n<p>&nbsp;<\/p>\n","protected":false},"excerpt":{"rendered":"<p>21\/10\/2024 &nbsp; Los camposantos est\u00e1n abiertos desde las 9 hasta las 18 horas, domingo y festivos inclusive, con motivo de [&hellip;]<\/p>\n","protected":false},"author":2,"featured_media":10332,"comment_status":"open","ping_status":"open","sticky":false,"template":"","format":"standard","meta":{"site-sidebar-layout":"default","site-content-layout":"","ast-site-content-layout":"","site-content-style":"default","site-sidebar-style":"default","ast-global-header-display":"","ast-banner-title-visibility":"","ast-main-header-display":"","ast-hfb-above-header-display":"","ast-hfb-below-header-display":"","ast-hfb-mobile-header-display":"","site-post-title":"","ast-breadcrumbs-content":"","ast-featured-img":"","footer-sml-layout":"","theme-transparent-header-meta":"","adv-header-id-meta":"","stick-header-meta":"","header-above-stick-meta":"","header-main-stick-meta":"","header-below-stick-meta":"","astra-migrate-meta-layouts":"default","ast-page-background-enabled":"default","ast-page-background-meta":{"desktop":{"background-color":"var(--ast-global-color-5)","background-image":"","background-repeat":"repeat","background-position":"center center","background-size":"auto","background-attachment":"scroll","background-type":"","background-media":"","overlay-type":"","overlay-color":"","overlay-opacity":"","overlay-gradient":""},"tablet":{"background-color":"","background-image":"","background-repeat":"repeat","background-position":"center center","background-size":"auto","background-attachment":"scroll","background-type":"","background-media":"","overlay-type":"","overlay-color":"","overlay-opacity":"","overlay-gradient":""},"mobile":{"background-color":"","background-image":"","background-repeat":"repeat","background-position":"center center","background-size":"auto","background-attachment":"scroll","background-type":"","background-media":"","overlay-type":"","overlay-color":"","overlay-opacity":"","overlay-gradient":""}},"ast-content-background-meta":{"desktop":{"background-color":"var(--ast-global-color-4)","background-image":"","background-repeat":"repeat","background-position":"center center","background-size":"auto","background-attachment":"scroll","background-type":"","background-media":"","overlay-type":"","overlay-color":"","overlay-opacity":"","overlay-gradient":""},"tablet":{"background-color":"var(--ast-global-color-4)","background-image":"","background-repeat":"repeat","background-position":"center center","background-size":"auto","background-attachment":"scroll","background-type":"","background-media":"","overlay-type":"","overlay-color":"","overlay-opacity":"","overlay-gradient":""},"mobile":{"background-color":"var(--ast-global-color-4)","background-image":"","background-repeat":"repeat","background-position":"center center","background-size":"auto","background-attachment":"scroll","background-type":"","background-media":"","overlay-type":"","overlay-color":"","overlay-opacity":"","overlay-gradient":""}}},"categories":[22,56],"tags":[],"acf":[],"_links":{"self":[{"href":"https:\/\/plancabanyal.es\/en\/wp-json\/wp\/v2\/posts\/10326"}],"collection":[{"href":"https:\/\/plancabanyal.es\/en\/wp-json\/wp\/v2\/posts"}],"about":[{"href":"https:\/\/plancabanyal.es\/en\/wp-json\/wp\/v2\/types\/post"}],"author":[{"embeddable":true,"href":"https:\/\/plancabanyal.es\/en\/wp-json\/wp\/v2\/users\/2"}],"replies":[{"embeddable":true,"href":"https:\/\/plancabanyal.es\/en\/wp-json\/wp\/v2\/comments?post=10326"}],"version-history":[{"count":2,"href":"https:\/\/plancabanyal.es\/en\/wp-json\/wp\/v2\/posts\/10326\/revisions"}],"predecessor-version":[{"id":10348,"href":"https:\/\/plancabanyal.es\/en\/wp-json\/wp\/v2\/posts\/10326\/revisions\/10348"}],"wp:featuredmedia":[{"embeddable":true,"href":"https:\/\/plancabanyal.es\/en\/wp-json\/wp\/v2\/media\/10332"}],"wp:attachment":[{"href":"https:\/\/plancabanyal.es\/en\/wp-json\/wp\/v2\/media?parent=10326"}],"wp:term":[{"taxonomy":"category","embeddable":true,"href":"https:\/\/plancabanyal.es\/en\/wp-json\/wp\/v2\/categories?post=10326"},{"taxonomy":"post_tag","embeddable":true,"href":"https:\/\/plancabanyal.es\/en\/wp-json\/wp\/v2\/tags?post=10326"}],"curies":[{"name":"wp","href":"https:\/\/api.w.org\/{rel}","templated":true}]}}