{"id":10306,"date":"2024-10-14T13:16:26","date_gmt":"2024-10-14T11:16:26","guid":{"rendered":"https:\/\/plancabanyal.es\/?p=10306"},"modified":"2024-10-14T13:16:51","modified_gmt":"2024-10-14T11:16:51","slug":"el-ciclo-integral-del-agua-regenera-los-tres-jardines-verticales-de-la-central-operativa-de-saneamiento-de-valencia","status":"publish","type":"post","link":"https:\/\/plancabanyal.es\/en\/el-ciclo-integral-del-agua-regenera-los-tres-jardines-verticales-de-la-central-operativa-de-saneamiento-de-valencia\/","title":{"rendered":"El Ciclo Integral del Agua regenera los tres jardines verticales de la Central Operativa de Saneamiento de Val\u00e8ncia"},"content":{"rendered":"<div class=\"dateRedes\">\n<p><strong>14\/10\/2024<\/strong><\/p>\n<\/div>\n<p>&nbsp;<\/p>\n<ul>\n<li><strong>Se han realizado trabajos de desmontaje de celdas, acondicionado el sistema de riego y sustituido el 100 % del sistema de vegetalizaci\u00f3n<\/strong><\/li>\n<\/ul>\n<ul>\n<li><strong>Esta actuaci\u00f3n ha supuesto de una inversi\u00f3n total de 211.000 euros<\/strong><\/li>\n<\/ul>\n<p>&nbsp;<\/p>\n<p>La Delegaci\u00f3n del Ciclo Integral del Agua del Ayuntamiento de Val\u00e8ncia ha llevado a cabo la regeneraci\u00f3n de los tres jardines verticales del edificio municipal de la Central Operativa de Saneamiento, ubicado en el barrio del Cabanyal-Canyamelar (Poblats Mar\u00edtims).<\/p>\n<p>Seg\u00fan ha explicado el concejal del \u00e1rea, Carlos Mundina, la regeneraci\u00f3n realizada y finalizada el pasado 7 de octubre, \u201cha supuesto de una inversi\u00f3n total de 211.000 euros y consta de un total de 450 metros cuadrados, aproximadamente, repartidos entre las tres fachas del edificio\u201d.<\/p>\n<p>Asimismo, Mundina ha indicado que en la actuaci\u00f3n \u201cse ha utilizado el mismo sistema constructivo existente, denominado Babylon, que cuenta con celdas met\u00e1licas de 90 litros de capacidad rellenas de sustrato vegetal suspendidas sobre estructura portante existente anclada a la fachada del edificio\u201d. Adem\u00e1s, ha se\u00f1alado que los trabajos han consistido en \u201csustituir el 100 % del sistema de vegetalizaci\u00f3n al mismo tiempo que se ha reaprovechado todo lo que era apto para ser reciclado y se ha reutilizado del resto de materiales\u201d.<\/p>\n<p>La regeneraci\u00f3n se ha ejecutado en varias fases. En primer lugar, se ha procedido al desmontaje y desmantelamiento de las celdas existentes, del circuito de aprovechamiento para cada componente del sistema de riego y la limpieza, reparaci\u00f3n y pintado de fachadas. Durante estos trabajos, en el vivero se ha procedido a la recuperaci\u00f3n de las celdas mediante su limpieza y eventual tratamiento de puntos de corrosi\u00f3n, colocaci\u00f3n de nuevo saco y sustrato y la plantaci\u00f3n de 15 plantas por celda.<\/p>\n<p>Posteriormente, se ha verificado y acondicionado el sistema de riego y se ha reinstalado los gaviones en las fachadas. Finalmente, se ha efectuado los trabajos de mantenimiento y consolidaci\u00f3n de las especies mediante comprobaciones visuales del estado de la plantaci\u00f3n, gesti\u00f3n del riego, gesti\u00f3n integrada de plagas as\u00ed como labores de reposici\u00f3n de marras, recortes y podas y un plan de nutrici\u00f3n vegetal.<\/p>\n<p>El edil delegado del Ciclo del Agua ha subrayado que, debido a que cada fachada presenta una orientaci\u00f3n distinta (este, sur y oeste), \u201cla paleta de especies seleccionada ha sido distinta para cada orientaci\u00f3n, teniendo en cuenta las condiciones de incidencia solar, exposici\u00f3n a frente marino y r\u00e9gimen de vientos\u201d. As\u00ed, se han elegido Lami\u00e1ceas, Gerani\u00e1ceas, Aster\u00e1ceas, Apocyn\u00e1ceas y Caryophyll\u00e1ceas, entre otras especies, que han estado en invernadero durante 12 semanas, para garantizar y facilitar el correcto enraizamiento y consolidaci\u00f3n en las celdas.<\/p>\n<p>Los jardines verticales son paredes con plantas utilizados para generar espacios verdes en la trama urbana. Carlos Mundina ha destacado los \u201cefectos positivos\u201d que tienen las fachadas vegetadas como son \u201cla reducci\u00f3n de grados de temperatura tanto en el barrio como en el propio edificio, con lo que contribuyen positivamente a reducir el efecto de \u201cisla de calor\u201d. Tambi\u00e9n, proporcionan mayor biodiversidad y absorben part\u00edculas contaminantes del aire, sobre todo las part\u00edculas ultra finas que son inhaladas por las v\u00edas respiratorias de la ciudadan\u00eda\u201d.<\/p>\n<p>&nbsp;<\/p>\n<p>Fuente: <a href=\"https:\/\/www.valencia.es\/val\/actualitat\/-\/content\/regeneraci%C3%B3n-jardines-verticales\" target=\"_blank\" rel=\"noopener\">Actualidad Ayuntamiento de Valencia<\/a><\/p>\n<p>&nbsp;<\/p>\n<p>&nbsp;<\/p>\n<p>&nbsp;<\/p>\n","protected":false},"excerpt":{"rendered":"<p>14\/10\/2024 &nbsp; Se han realizado trabajos de desmontaje de celdas, acondicionado el sistema de riego y sustituido el 100 % [&hellip;]<\/p>\n","protected":false},"author":2,"featured_media":10303,"comment_status":"open","ping_status":"open","sticky":false,"template":"","format":"standard","meta":{"site-sidebar-layout":"default","site-content-layout":"","ast-site-content-layout":"","site-content-style":"default","site-sidebar-style":"default","ast-global-header-display":"","ast-banner-title-visibility":"","ast-main-header-display":"","ast-hfb-above-header-display":"","ast-hfb-below-header-display":"","ast-hfb-mobile-header-display":"","site-post-title":"","ast-breadcrumbs-content":"","ast-featured-img":"","footer-sml-layout":"","theme-transparent-header-meta":"","adv-header-id-meta":"","stick-header-meta":"","header-above-stick-meta":"","header-main-stick-meta":"","header-below-stick-meta":"","astra-migrate-meta-layouts":"default","ast-page-background-enabled":"default","ast-page-background-meta":{"desktop":{"background-color":"var(--ast-global-color-5)","background-image":"","background-repeat":"repeat","background-position":"center center","background-size":"auto","background-attachment":"scroll","background-type":"","background-media":"","overlay-type":"","overlay-color":"","overlay-opacity":"","overlay-gradient":""},"tablet":{"background-color":"","background-image":"","background-repeat":"repeat","background-position":"center center","background-size":"auto","background-attachment":"scroll","background-type":"","background-media":"","overlay-type":"","overlay-color":"","overlay-opacity":"","overlay-gradient":""},"mobile":{"background-color":"","background-image":"","background-repeat":"repeat","background-position":"center center","background-size":"auto","background-attachment":"scroll","background-type":"","background-media":"","overlay-type":"","overlay-color":"","overlay-opacity":"","overlay-gradient":""}},"ast-content-background-meta":{"desktop":{"background-color":"var(--ast-global-color-4)","background-image":"","background-repeat":"repeat","background-position":"center center","background-size":"auto","background-attachment":"scroll","background-type":"","background-media":"","overlay-type":"","overlay-color":"","overlay-opacity":"","overlay-gradient":""},"tablet":{"background-color":"var(--ast-global-color-4)","background-image":"","background-repeat":"repeat","background-position":"center center","background-size":"auto","background-attachment":"scroll","background-type":"","background-media":"","overlay-type":"","overlay-color":"","overlay-opacity":"","overlay-gradient":""},"mobile":{"background-color":"var(--ast-global-color-4)","background-image":"","background-repeat":"repeat","background-position":"center center","background-size":"auto","background-attachment":"scroll","background-type":"","background-media":"","overlay-type":"","overlay-color":"","overlay-opacity":"","overlay-gradient":""}}},"categories":[22,56],"tags":[],"acf":[],"_links":{"self":[{"href":"https:\/\/plancabanyal.es\/en\/wp-json\/wp\/v2\/posts\/10306"}],"collection":[{"href":"https:\/\/plancabanyal.es\/en\/wp-json\/wp\/v2\/posts"}],"about":[{"href":"https:\/\/plancabanyal.es\/en\/wp-json\/wp\/v2\/types\/post"}],"author":[{"embeddable":true,"href":"https:\/\/plancabanyal.es\/en\/wp-json\/wp\/v2\/users\/2"}],"replies":[{"embeddable":true,"href":"https:\/\/plancabanyal.es\/en\/wp-json\/wp\/v2\/comments?post=10306"}],"version-history":[{"count":1,"href":"https:\/\/plancabanyal.es\/en\/wp-json\/wp\/v2\/posts\/10306\/revisions"}],"predecessor-version":[{"id":10309,"href":"https:\/\/plancabanyal.es\/en\/wp-json\/wp\/v2\/posts\/10306\/revisions\/10309"}],"wp:featuredmedia":[{"embeddable":true,"href":"https:\/\/plancabanyal.es\/en\/wp-json\/wp\/v2\/media\/10303"}],"wp:attachment":[{"href":"https:\/\/plancabanyal.es\/en\/wp-json\/wp\/v2\/media?parent=10306"}],"wp:term":[{"taxonomy":"category","embeddable":true,"href":"https:\/\/plancabanyal.es\/en\/wp-json\/wp\/v2\/categories?post=10306"},{"taxonomy":"post_tag","embeddable":true,"href":"https:\/\/plancabanyal.es\/en\/wp-json\/wp\/v2\/tags?post=10306"}],"curies":[{"name":"wp","href":"https:\/\/api.w.org\/{rel}","templated":true}]}}