{"id":10289,"date":"2024-10-10T10:02:01","date_gmt":"2024-10-10T08:02:01","guid":{"rendered":"https:\/\/plancabanyal.es\/?p=10289"},"modified":"2024-10-10T10:09:05","modified_gmt":"2024-10-10T08:09:05","slug":"comunidad-energetica-local-de-cabanal-canamelar-y-malvarrosa-comienza-la-transformacion-energetica","status":"publish","type":"post","link":"https:\/\/plancabanyal.es\/en\/comunidad-energetica-local-de-cabanal-canamelar-y-malvarrosa-comienza-la-transformacion-energetica\/","title":{"rendered":"Comunidad Energ\u00e9tica Local de Caba\u00f1al, Ca\u00f1amelar y Malvarrosa: comienza la transformaci\u00f3n energ\u00e9tica!"},"content":{"rendered":"<div class=\"dateRedes\">\n<p><strong>10\/10\/2024<\/strong><\/p>\n<\/div>\n<p>&nbsp;<\/p>\n<p>Desde la\u00a0<strong>Oficina de Transformaci\u00f3n Comunitaria (OE-OTC)<\/strong>, de la Fundaci\u00f3n Val\u00e8ncia Clima i Energ\u00eda, tras la realizaci\u00f3n del taller \u201cEls Barris de Cabanyal Canyamelar i Malvarrosa es conecten al sol\u201d del pasado 26 de septiembre, se ha realizado un video que recoge lo sucedido aquel d\u00eda.<\/p>\n<p>Este es el link del video: <a href=\"https:\/\/www.youtube.com\/watch?v=-5mNXo8hKvk\">https:\/\/www.youtube.com\/watch?v=-5mNXo8hKvk<\/a><\/p>\n<p>Por si queda alguna duda, en este otro link se explica de forma muy clara qu\u00e9 es una<strong>\u00a0Comunidad Energ\u00e9tica Local:<\/strong><\/p>\n<p><a href=\"https:\/\/www.youtube.com\/watch?v=JJd4dUq_k-8\">https:\/\/www.youtube.com\/watch?v=JJd4dUq_k-8<\/a><\/p>\n<p>&nbsp;<\/p>\n<p>Por \u00faltimo, compartir un PDF con la presentaci\u00f3n que se trabaj\u00f3 en el taller. Tras el encuentro, ha surgido un grupo de gente interesada en comenzar a trabajar en el desarrollo de una Comunidad Energ\u00e9tica Local en Poblats Mar\u00edtims.<\/p>\n<p>Si est\u00e1s interesado\/a en formar parte, puedes contactar con cualquier miembro del equipo\u00a0 <strong>Oficinas de Transformaci\u00f3n Comunitaria (OTC)<\/strong>\u00a0de apoyo a las Comunidades Energ\u00e9ticas mediante llamada, whatsapp o al email:\u00a0<a href=\"mailto:com.ener@climaienergia.com\">com.ener@climaienergia.com<\/a><\/p>\n<p>Equipo OTC: Jorge (605 534 932), Zeina (635 988 976) y Carla (657 306 019)<\/p>\n<p>&nbsp;<\/p>\n<p><a href=\"https:\/\/drive.google.com\/file\/d\/1_yA0LozVdWT1YGwXOeljm8fExjoqgWRo\/view?usp=sharing\" target=\"_blank\" rel=\"noopener\">Presentaci\u00f3n &#8211; pdf<\/a><\/p>\n<p>Fuente: <a href=\"http:\/\/www.climaienergia.com\" target=\"_blank\" rel=\"noopener\">Val\u00e8ncia Clima i Energia<\/a><\/p>\n<p>&nbsp;<\/p>\n<p>&nbsp;<\/p>\n<p>&nbsp;<\/p>\n","protected":false},"excerpt":{"rendered":"<p>10\/10\/2024 &nbsp; Desde la\u00a0Oficina de Transformaci\u00f3n Comunitaria (OE-OTC), de la Fundaci\u00f3n Val\u00e8ncia Clima i Energ\u00eda, tras la realizaci\u00f3n del taller [&hellip;]<\/p>\n","protected":false},"author":2,"featured_media":10292,"comment_status":"open","ping_status":"open","sticky":false,"template":"","format":"standard","meta":{"site-sidebar-layout":"default","site-content-layout":"","ast-site-content-layout":"","site-content-style":"default","site-sidebar-style":"default","ast-global-header-display":"","ast-banner-title-visibility":"","ast-main-header-display":"","ast-hfb-above-header-display":"","ast-hfb-below-header-display":"","ast-hfb-mobile-header-display":"","site-post-title":"","ast-breadcrumbs-content":"","ast-featured-img":"","footer-sml-layout":"","theme-transparent-header-meta":"","adv-header-id-meta":"","stick-header-meta":"","header-above-stick-meta":"","header-main-stick-meta":"","header-below-stick-meta":"","astra-migrate-meta-layouts":"default","ast-page-background-enabled":"default","ast-page-background-meta":{"desktop":{"background-color":"var(--ast-global-color-5)","background-image":"","background-repeat":"repeat","background-position":"center center","background-size":"auto","background-attachment":"scroll","background-type":"","background-media":"","overlay-type":"","overlay-color":"","overlay-opacity":"","overlay-gradient":""},"tablet":{"background-color":"","background-image":"","background-repeat":"repeat","background-position":"center center","background-size":"auto","background-attachment":"scroll","background-type":"","background-media":"","overlay-type":"","overlay-color":"","overlay-opacity":"","overlay-gradient":""},"mobile":{"background-color":"","background-image":"","background-repeat":"repeat","background-position":"center center","background-size":"auto","background-attachment":"scroll","background-type":"","background-media":"","overlay-type":"","overlay-color":"","overlay-opacity":"","overlay-gradient":""}},"ast-content-background-meta":{"desktop":{"background-color":"var(--ast-global-color-4)","background-image":"","background-repeat":"repeat","background-position":"center center","background-size":"auto","background-attachment":"scroll","background-type":"","background-media":"","overlay-type":"","overlay-color":"","overlay-opacity":"","overlay-gradient":""},"tablet":{"background-color":"var(--ast-global-color-4)","background-image":"","background-repeat":"repeat","background-position":"center center","background-size":"auto","background-attachment":"scroll","background-type":"","background-media":"","overlay-type":"","overlay-color":"","overlay-opacity":"","overlay-gradient":""},"mobile":{"background-color":"var(--ast-global-color-4)","background-image":"","background-repeat":"repeat","background-position":"center center","background-size":"auto","background-attachment":"scroll","background-type":"","background-media":"","overlay-type":"","overlay-color":"","overlay-opacity":"","overlay-gradient":""}}},"categories":[22,56],"tags":[],"acf":[],"_links":{"self":[{"href":"https:\/\/plancabanyal.es\/en\/wp-json\/wp\/v2\/posts\/10289"}],"collection":[{"href":"https:\/\/plancabanyal.es\/en\/wp-json\/wp\/v2\/posts"}],"about":[{"href":"https:\/\/plancabanyal.es\/en\/wp-json\/wp\/v2\/types\/post"}],"author":[{"embeddable":true,"href":"https:\/\/plancabanyal.es\/en\/wp-json\/wp\/v2\/users\/2"}],"replies":[{"embeddable":true,"href":"https:\/\/plancabanyal.es\/en\/wp-json\/wp\/v2\/comments?post=10289"}],"version-history":[{"count":2,"href":"https:\/\/plancabanyal.es\/en\/wp-json\/wp\/v2\/posts\/10289\/revisions"}],"predecessor-version":[{"id":10298,"href":"https:\/\/plancabanyal.es\/en\/wp-json\/wp\/v2\/posts\/10289\/revisions\/10298"}],"wp:featuredmedia":[{"embeddable":true,"href":"https:\/\/plancabanyal.es\/en\/wp-json\/wp\/v2\/media\/10292"}],"wp:attachment":[{"href":"https:\/\/plancabanyal.es\/en\/wp-json\/wp\/v2\/media?parent=10289"}],"wp:term":[{"taxonomy":"category","embeddable":true,"href":"https:\/\/plancabanyal.es\/en\/wp-json\/wp\/v2\/categories?post=10289"},{"taxonomy":"post_tag","embeddable":true,"href":"https:\/\/plancabanyal.es\/en\/wp-json\/wp\/v2\/tags?post=10289"}],"curies":[{"name":"wp","href":"https:\/\/api.w.org\/{rel}","templated":true}]}}