{"id":10125,"date":"2024-09-05T14:01:05","date_gmt":"2024-09-05T12:01:05","guid":{"rendered":"https:\/\/plancabanyal.es\/?p=10125"},"modified":"2024-09-27T09:56:05","modified_gmt":"2024-09-27T07:56:05","slug":"valencia-clima-i-energia-amplia-las-comunidades-energeticas-locales-al-maritim-en-el-marco-del-programa-los-barrios-se-conectan-al-sol","status":"publish","type":"post","link":"https:\/\/plancabanyal.es\/en\/valencia-clima-i-energia-amplia-las-comunidades-energeticas-locales-al-maritim-en-el-marco-del-programa-los-barrios-se-conectan-al-sol\/","title":{"rendered":"Val\u00e8ncia Clima i Energia ampl\u00eda las comunidades energ\u00e9ticas locales al Mar\u00edtim en el marco del programa \u201cLos barrios se conectan al sol\u201d"},"content":{"rendered":"<div class=\"dateRedes\">\n<p><strong>22\/09\/2024<\/strong><\/p>\n<\/div>\n<p>&nbsp;<\/p>\n<ul>\n<li><strong>Actualmente hay constituidas 7 comunidades energ\u00e9ticas, en distintas fases de desarrollo, en Algir\u00f3s, Malilla, Russafa, Ciutat Vella, Malva-rosa, Sa\u00efdia y Castellar-l\u2019Oliveral y proyectos en Benimaclet y l\u2019Olivereta<\/strong><\/li>\n<\/ul>\n<ul>\n<li><strong>El pr\u00f3ximo 26 de septiembre se celebrar\u00e1 un encuentro con vecinos y comerciantes del Cabanyal-Canyamelar y Malva-rosa para impulsar la creaci\u00f3n de comunidades energ\u00e9ticas en el Distrito Mar\u00edtimo<\/strong><\/li>\n<\/ul>\n<ul>\n<li><strong>El concejal Carlos Mundina ha defendido las ventajas de este modelo de generaci\u00f3n y consumo de energ\u00eda sostenible que, ha asegurado, \u201cya funciona con \u00e9xito en muchos lugares de Europa\u201d<\/strong><\/li>\n<\/ul>\n<p>El Ayuntamiento de Val\u00e8ncia, a trav\u00e9s de la\u00a0<em>Fundaci\u00f3 Val\u00e8ncia Clima i Energia<\/em>\u00a0quiere ampliar la constituci\u00f3n de comunidades energ\u00e9ticas locales. En el marco del programa \u201cLos barrios se conectan al sol\u201d, que ya funciona en siete puntos, la pr\u00f3xima semana se celebrar\u00e1 un encuentro informativo para impulsar las comunidades energ\u00e9ticas locales en los barrios del Cabanyal-Canyamelar y la Malva-rosa.<\/p>\n<p>Tal como ha explicado el concejal de Mejora Clim\u00e1tica y Eficiencia Energ\u00e9tica, Carlos Mundina, \u201cel objetivo de una comunidad energ\u00e9tica es ofrecer beneficios energ\u00e9ticos a sus miembros, pero tambi\u00e9n genera beneficios medioambientales, econ\u00f3micos y sociales para el barrio en el que funciona y para toda la ciudad\u201d. \u201cPor eso \u2013ha a\u00f1adido- desde el Ayuntamiento, a trav\u00e9s de la Fundaci\u00f3n\u00a0<em>Val\u00e8ncia Clima i Energ\u00eda<\/em>, y con fondos europeos, queremos impulsar este modelo de generaci\u00f3n y consumo de energ\u00eda sostenible que ya funciona con \u00e9xito en muchos lugares de Europa\u201d.<\/p>\n<p>En estos momentos, ya hay constituidas siete comunidades energ\u00e9ticas en Val\u00e8ncia, que se hallan en diferentes fases de desarrollo. Son las comunidades de Algir\u00f3s, Malilla, Russafa, Ciutat Vella, Malva-rosa, Sa\u00efdia y Castellar-l\u2019Oliveral. Adem\u00e1s, est\u00e1n en proyecto las de Benimaclet y l\u2019Olivereta. Todas ellas cuentan con financiaci\u00f3n de la Uni\u00f3n Europea, en el marco del programa OTCs (Proyecto Europeo de Oficinas de Transformaci\u00f3n Comunitaria) \u201ccon el objetivo de replicar en todos los barrios de Valencia la f\u00f3rmula de \u00e9xito de la CEL de Castellar-l&#8217;Oliveral que funciona desde 2022\u201d, ha recordado Mundina.<\/p>\n<p>En este contexto, el pr\u00f3ximo 26 de septiembre, personal de la\u00a0<em>Fundaci\u00f3 Val\u00e8ncia i Energia<\/em>\u00a0se reunir\u00e1 con vecinos y comerciantes del Cabanyal, Canyamelar y Malva-rosa de cara a la creaci\u00f3n de comunidades energ\u00e9ticas en el Distrito Mar\u00edtimo. Este encuentro con vecinos del Mar\u00edtim tendr\u00e1 r\u00e9plicas con diferentes asociaciones de vecinos de otros puntos de la ciudad, que estar\u00e1n coordinadas desde\u00a0<em>Val\u00e8ncia Clima i Energia<\/em>.<\/p>\n<p><strong>Los barrios se conectan al sol<\/strong><\/p>\n<p>\u201cLos barrios se conectan al sol\u201d es una iniciativa de la\u00a0<em>Fundaci\u00f3 Val\u00e8ncia Clima i Energia<\/em>\u00a0para animar a los vecinos y vecinas de Val\u00e8ncia a constituirse como asociaci\u00f3n o cooperativa para financiar la instalaci\u00f3n de una planta fotovoltaica en su barrio y gestionar colectivamente los recursos energ\u00e9ticos que genere, y en la que pueden participar tanto personas f\u00edsicas, como pymes o instituciones p\u00fablicas o privadas ubicadas en el barrio.<\/p>\n<p>La comunidad de Castellar-l\u2019Oliveral fue la primera constituida en la ciudad. Fue en el a\u00f1o 2022, y seg\u00fan sus propios datos ya ha generado m\u00e1s de 137.00 kwh, y ha ahorrado la emisi\u00f3n de m\u00e1s de 60.000 kilos de CO<sub>2<\/sub>\u00a0a la atm\u00f3sfera, el equivalente a plantar m\u00e1s de 3.000 \u00e1rboles.<\/p>\n<p>La Oficina de Transformaci\u00f3n Comunitaria (OTC), dependiente de la\u00a0<em>Fundaci\u00f3n Val\u00e8ncia Clima i Energia<\/em>, ofrece de manera gratuita servicios de formaci\u00f3n, asesoramiento y apoyo t\u00e9cnico, para crear una comunidad o participar en una Comunidad Energ\u00e9tica Local ya creada. Las OTCs ayudan a poner en contacto las personas del mismo barrio interesadas en el desarrollo de un proyecto, estudian la mejor f\u00f3rmula legal para constituirse, les acompa\u00f1an en el proceso de registro y les ayudan a buscar opciones de cubiertas en el barrio, donde sea viable llevar a cabo la instalaci\u00f3n solar fotovoltaica.<\/p>\n<p>El concejal Carlos Mundina ha explicado que \u201ccada comunidad energ\u00e9tica puede realizar, adem\u00e1s de la instalaci\u00f3n de una planta solar fotovoltaica de producci\u00f3n de energ\u00eda el\u00e9ctrica para el consumo de las personas socias, muchas otras actividades relacionadas con la eficiencia energ\u00e9tica, actividades formativas sobre energ\u00eda, movilidad el\u00e9ctrica\u2026\u201d. \u201cQueremos una Val\u00e8ncia m\u00e1s verde y la transici\u00f3n energ\u00e9tica es una de las grandes apuestas municipales para lograrlo\u201d, ha concluido el edil.<\/p>\n<p>&nbsp;<\/p>\n<p>Fuente:\u00a0<a href=\"https:\/\/www.valencia.es\/cas\/actualidad\/-\/content\/comunidades-energ%C3%A9ticas-locales-en-el-mar%C3%ADtimo\" target=\"_blank\" rel=\"noopener\">Actualidad \u2013 Ayuntamiento de Valencia<\/a><\/p>\n<p>&nbsp;<\/p>\n<p>&nbsp;<\/p>\n<p>&nbsp;<\/p>\n","protected":false},"excerpt":{"rendered":"<p>22\/09\/2024 &nbsp; Actualmente hay constituidas 7 comunidades energ\u00e9ticas, en distintas fases de desarrollo, en Algir\u00f3s, Malilla, Russafa, Ciutat Vella, Malva-rosa, [&hellip;]<\/p>\n","protected":false},"author":2,"featured_media":10111,"comment_status":"open","ping_status":"open","sticky":false,"template":"","format":"standard","meta":{"site-sidebar-layout":"default","site-content-layout":"","ast-site-content-layout":"","site-content-style":"default","site-sidebar-style":"default","ast-global-header-display":"","ast-banner-title-visibility":"","ast-main-header-display":"","ast-hfb-above-header-display":"","ast-hfb-below-header-display":"","ast-hfb-mobile-header-display":"","site-post-title":"","ast-breadcrumbs-content":"","ast-featured-img":"","footer-sml-layout":"","theme-transparent-header-meta":"","adv-header-id-meta":"","stick-header-meta":"","header-above-stick-meta":"","header-main-stick-meta":"","header-below-stick-meta":"","astra-migrate-meta-layouts":"default","ast-page-background-enabled":"default","ast-page-background-meta":{"desktop":{"background-color":"var(--ast-global-color-5)","background-image":"","background-repeat":"repeat","background-position":"center center","background-size":"auto","background-attachment":"scroll","background-type":"","background-media":"","overlay-type":"","overlay-color":"","overlay-opacity":"","overlay-gradient":""},"tablet":{"background-color":"","background-image":"","background-repeat":"repeat","background-position":"center center","background-size":"auto","background-attachment":"scroll","background-type":"","background-media":"","overlay-type":"","overlay-color":"","overlay-opacity":"","overlay-gradient":""},"mobile":{"background-color":"","background-image":"","background-repeat":"repeat","background-position":"center center","background-size":"auto","background-attachment":"scroll","background-type":"","background-media":"","overlay-type":"","overlay-color":"","overlay-opacity":"","overlay-gradient":""}},"ast-content-background-meta":{"desktop":{"background-color":"var(--ast-global-color-4)","background-image":"","background-repeat":"repeat","background-position":"center center","background-size":"auto","background-attachment":"scroll","background-type":"","background-media":"","overlay-type":"","overlay-color":"","overlay-opacity":"","overlay-gradient":""},"tablet":{"background-color":"var(--ast-global-color-4)","background-image":"","background-repeat":"repeat","background-position":"center center","background-size":"auto","background-attachment":"scroll","background-type":"","background-media":"","overlay-type":"","overlay-color":"","overlay-opacity":"","overlay-gradient":""},"mobile":{"background-color":"var(--ast-global-color-4)","background-image":"","background-repeat":"repeat","background-position":"center center","background-size":"auto","background-attachment":"scroll","background-type":"","background-media":"","overlay-type":"","overlay-color":"","overlay-opacity":"","overlay-gradient":""}}},"categories":[50,22],"tags":[],"acf":[],"_links":{"self":[{"href":"https:\/\/plancabanyal.es\/en\/wp-json\/wp\/v2\/posts\/10125"}],"collection":[{"href":"https:\/\/plancabanyal.es\/en\/wp-json\/wp\/v2\/posts"}],"about":[{"href":"https:\/\/plancabanyal.es\/en\/wp-json\/wp\/v2\/types\/post"}],"author":[{"embeddable":true,"href":"https:\/\/plancabanyal.es\/en\/wp-json\/wp\/v2\/users\/2"}],"replies":[{"embeddable":true,"href":"https:\/\/plancabanyal.es\/en\/wp-json\/wp\/v2\/comments?post=10125"}],"version-history":[{"count":1,"href":"https:\/\/plancabanyal.es\/en\/wp-json\/wp\/v2\/posts\/10125\/revisions"}],"predecessor-version":[{"id":10127,"href":"https:\/\/plancabanyal.es\/en\/wp-json\/wp\/v2\/posts\/10125\/revisions\/10127"}],"wp:featuredmedia":[{"embeddable":true,"href":"https:\/\/plancabanyal.es\/en\/wp-json\/wp\/v2\/media\/10111"}],"wp:attachment":[{"href":"https:\/\/plancabanyal.es\/en\/wp-json\/wp\/v2\/media?parent=10125"}],"wp:term":[{"taxonomy":"category","embeddable":true,"href":"https:\/\/plancabanyal.es\/en\/wp-json\/wp\/v2\/categories?post=10125"},{"taxonomy":"post_tag","embeddable":true,"href":"https:\/\/plancabanyal.es\/en\/wp-json\/wp\/v2\/tags?post=10125"}],"curies":[{"name":"wp","href":"https:\/\/api.w.org\/{rel}","templated":true}]}}